{"id":210723,"date":"2026-04-29T17:20:01","date_gmt":"2026-04-29T22:20:01","guid":{"rendered":"https:\/\/www.buroperiodistico.com.mx\/?p=210723"},"modified":"2026-04-29T17:20:01","modified_gmt":"2026-04-29T22:20:01","slug":"alcaldesa-carmen-lilia-canturosas-realiza-alianza-estrategica-con-el-programa-de-naciones-unidas-para-el-desarrollo-y-fortalece-agenda-de-igualdad","status":"publish","type":"post","link":"https:\/\/www.buroperiodistico.com.mx\/?p=210723","title":{"rendered":"ALCALDESA CARMEN LILIA CANTUROSAS REALIZA ALIANZA ESTRAT\u00c9GICA CON EL PROGRAMA DE NACIONES UNIDAS PARA EL DESARROLLO Y FORTALECE AGENDA DE IGUALDAD"},"content":{"rendered":"<p><em><strong><img loading=\"lazy\" decoding=\"async\" class=\" wp-image-210724 alignright\" src=\"https:\/\/www.buroperiodistico.com.mx\/wp-content\/uploads\/2026\/04\/Nldx-2.jpg\" alt=\"\" width=\"572\" height=\"309\" srcset=\"https:\/\/www.buroperiodistico.com.mx\/wp-content\/uploads\/2026\/04\/Nldx-2.jpg 1110w, https:\/\/www.buroperiodistico.com.mx\/wp-content\/uploads\/2026\/04\/Nldx-2-300x162.jpg 300w, https:\/\/www.buroperiodistico.com.mx\/wp-content\/uploads\/2026\/04\/Nldx-2-1024x554.jpg 1024w, https:\/\/www.buroperiodistico.com.mx\/wp-content\/uploads\/2026\/04\/Nldx-2-768x415.jpg 768w\" sizes=\"auto, (max-width: 572px) 100vw, 572px\" \/>Nuevo Laredo, Tam (29-Abril-2026).-<\/strong><\/em> La presidenta municipal, Carmen Lilia Canturosas Villarreal dio un paso firme en la proyecci\u00f3n internacional de su administraci\u00f3n, al sostener una reuni\u00f3n de alto nivel con representantes del Programa de las Naciones Unidas para el Desarrollo (PNUD) en M\u00e9xico, encabezado por Silvia Morimoto con el objetivo de consolidar una alianza estrat\u00e9gica en materia de igualdad de g\u00e9nero y desarrollo sostenible.<\/p>\n<p>El encuentro se enmarca en una ruta de posicionamiento internacional que ha colocado a Nuevo Laredo como un caso emergente en pol\u00edticas p\u00fablicas con enfoque de g\u00e9nero.<\/p>\n<p>Esta agenda se fortaleci\u00f3 desde la participaci\u00f3n de la alcaldesa en el Foro Pol\u00edtico de Alto Nivel sobre Desarrollo Sostenible en julio del 2025, donde estableci\u00f3 di\u00e1logo con ONU Mujeres, abriendo la puerta a mecanismos de cooperaci\u00f3n con el sistema de Naciones Unidas.<\/p>\n<p>Hoy, esa relaci\u00f3n evoluciona hacia la construcci\u00f3n de una alianza t\u00e9cnica con el PNUD, orientada a escalar modelos locales exitosos a est\u00e1ndares nacionales e internacionales, en un contexto donde los gobiernos municipales adquieren un papel estrat\u00e9gico en el cumplimiento de la agenda global de desarrollo.<\/p>\n<p>En este contexto, la presidenta municipal subray\u00f3 que la colaboraci\u00f3n con organismos internacionales permitir\u00e1 potenciar los resultados alcanzados y proyectar a Nuevo Laredo como modelo replicable. \u201cLa igualdad no es un discurso, es una pol\u00edtica p\u00fablica que se mide en resultados.<\/p>\n<p>En Nuevo Laredo estamos construyendo modelos como Casa Violeta, Oruga-Mariposa y los programas de empoderamiento econ\u00f3mico que hoy pueden trascender fronteras y convertirse en referencia, porque no puede haber desarrollo sostenible sin justicia social y sin igualdad para todas y todos\u201d, afirm\u00f3 la alcaldesa.<\/p>\n<p>Durante la reuni\u00f3n, se plantearon acciones concretas como la capacitaci\u00f3n especializada para el Instituto Municipal de la Mujer (INMUJER) en atracci\u00f3n de fondos internacionales, la exploraci\u00f3n de convocatorias del Sistema de Naciones Unidas, as\u00ed como la integraci\u00f3n del municipio en espacios t\u00e9cnicos y foros globales.<\/p>\n<p>Tambi\u00e9n se abord\u00f3 la posibilidad de avanzar en certificaciones internacionales en igualdad de g\u00e9nero y fortalecer la institucionalizaci\u00f3n de pol\u00edticas p\u00fablicas en esta materia.<\/p>\n<p>Cabe destacar que el INMUJER de Nuevo Laredo se ha consolidado como referente nacional, al ser el \u00fanico instituto municipal del pa\u00eds con certificaci\u00f3n Oro en la Norma 025 en Igualdad Laboral y No Discriminaci\u00f3n, lo que respalda la solidez institucional del gobierno municipal y su capacidad para implementar pol\u00edticas con perspectiva de g\u00e9nero.<\/p>\n<p>La reuni\u00f3n cont\u00f3 tambi\u00e9n con la participaci\u00f3n de integrantes del equipo de la Unidad de G\u00e9nero del PNUD M\u00e9xico. Con este acercamiento, el Gobierno Municipal de Nuevo Laredo avanza en la consolidaci\u00f3n de una gobernanza feminista de resultados, apostando por la cooperaci\u00f3n internacional como palanca para acelerar el desarrollo social, cerrar brechas de desigualdad y construir una ciudad m\u00e1s justa e incluyente.<\/p>\n","protected":false},"excerpt":{"rendered":"<p>Nuevo Laredo, Tam (29-Abril-2026).- La presidenta municipal, Carmen Lilia Canturosas Villarreal dio un paso firme&#8230;<\/p>\n","protected":false},"author":1,"featured_media":210724,"comment_status":"closed","ping_status":"closed","sticky":false,"template":"","format":"standard","meta":{"footnotes":"","jetpack_publicize_message":"","jetpack_publicize_feature_enabled":true,"jetpack_social_post_already_shared":true,"jetpack_social_options":{"image_generator_settings":{"template":"highway","default_image_id":0,"font":"","enabled":false},"version":2}},"categories":[16,25],"tags":[],"class_list":["post-210723","post","type-post","status-publish","format-standard","has-post-thumbnail","hentry","category-nuevolaredo","category-portada"],"jetpack_publicize_connections":[],"_links":{"self":[{"href":"https:\/\/www.buroperiodistico.com.mx\/index.php?rest_route=\/wp\/v2\/posts\/210723","targetHints":{"allow":["GET"]}}],"collection":[{"href":"https:\/\/www.buroperiodistico.com.mx\/index.php?rest_route=\/wp\/v2\/posts"}],"about":[{"href":"https:\/\/www.buroperiodistico.com.mx\/index.php?rest_route=\/wp\/v2\/types\/post"}],"author":[{"embeddable":true,"href":"https:\/\/www.buroperiodistico.com.mx\/index.php?rest_route=\/wp\/v2\/users\/1"}],"replies":[{"embeddable":true,"href":"https:\/\/www.buroperiodistico.com.mx\/index.php?rest_route=%2Fwp%2Fv2%2Fcomments&post=210723"}],"version-history":[{"count":1,"href":"https:\/\/www.buroperiodistico.com.mx\/index.php?rest_route=\/wp\/v2\/posts\/210723\/revisions"}],"predecessor-version":[{"id":210725,"href":"https:\/\/www.buroperiodistico.com.mx\/index.php?rest_route=\/wp\/v2\/posts\/210723\/revisions\/210725"}],"wp:featuredmedia":[{"embeddable":true,"href":"https:\/\/www.buroperiodistico.com.mx\/index.php?rest_route=\/wp\/v2\/media\/210724"}],"wp:attachment":[{"href":"https:\/\/www.buroperiodistico.com.mx\/index.php?rest_route=%2Fwp%2Fv2%2Fmedia&parent=210723"}],"wp:term":[{"taxonomy":"category","embeddable":true,"href":"https:\/\/www.buroperiodistico.com.mx\/index.php?rest_route=%2Fwp%2Fv2%2Fcategories&post=210723"},{"taxonomy":"post_tag","embeddable":true,"href":"https:\/\/www.buroperiodistico.com.mx\/index.php?rest_route=%2Fwp%2Fv2%2Ftags&post=210723"}],"curies":[{"name":"wp","href":"https:\/\/api.w.org\/{rel}","templated":true}]}}