{"id":210720,"date":"2026-04-29T17:17:41","date_gmt":"2026-04-29T22:17:41","guid":{"rendered":"https:\/\/www.buroperiodistico.com.mx\/?p=210720"},"modified":"2026-04-29T17:17:41","modified_gmt":"2026-04-29T22:17:41","slug":"gobierno-municipal-abre-espacios-publicos-gratis-por-el-dia-del-nino-y-refuerza-su-compromiso-con-la-ninez","status":"publish","type":"post","link":"https:\/\/www.buroperiodistico.com.mx\/?p=210720","title":{"rendered":"GOBIERNO MUNICIPAL ABRE ESPACIOS P\u00daBLICOS GRATIS POR EL D\u00cdA DEL NI\u00d1O Y REFUERZA SU COMPROMISO CON LA NI\u00d1EZ"},"content":{"rendered":"<p><em><strong><img loading=\"lazy\" decoding=\"async\" class=\" wp-image-210721 alignright\" src=\"https:\/\/www.buroperiodistico.com.mx\/wp-content\/uploads\/2026\/04\/Valneaz.jpg\" alt=\"\" width=\"542\" height=\"293\" srcset=\"https:\/\/www.buroperiodistico.com.mx\/wp-content\/uploads\/2026\/04\/Valneaz.jpg 1110w, https:\/\/www.buroperiodistico.com.mx\/wp-content\/uploads\/2026\/04\/Valneaz-300x162.jpg 300w, https:\/\/www.buroperiodistico.com.mx\/wp-content\/uploads\/2026\/04\/Valneaz-1024x554.jpg 1024w, https:\/\/www.buroperiodistico.com.mx\/wp-content\/uploads\/2026\/04\/Valneaz-768x415.jpg 768w\" sizes=\"auto, (max-width: 542px) 100vw, 542px\" \/>Nuevo Laredo, Tam (29-Abril-2026).-<\/strong><\/em> En una acci\u00f3n que reafirma el compromiso con el bienestar de las familias y el derecho de la ni\u00f1ez al esparcimiento, el Gobierno Municipal de Nuevo Laredo, encabezado por la alcaldesa Carmen Lilia Canturosas Villarreal, anunci\u00f3 que este 30 de abril el Zool\u00f3gico, el Acuario y la alberca Cam\u00e9cuaro estar\u00e1n abiertos al p\u00fablico de manera totalmente gratuita.<\/p>\n<p>Con motivo del D\u00eda del Ni\u00f1o, esta medida busca garantizar que todas las ni\u00f1as y ni\u00f1os, sin distinci\u00f3n, puedan disfrutar de espacios recreativos dignos, seguros y accesibles, como parte de una pol\u00edtica p\u00fablica enfocada en fortalecer el tejido social desde la infancia.<\/p>\n<p>El Zool\u00f3gico y el Acuario de Nuevo Laredo recibir\u00e1n a las familias en un horario de 11:00 de la ma\u00f1ana a 6:00 de la tarde, ofreciendo experiencias educativas y de convivencia, mientras que la alberca Cam\u00e9cuaro, ubicada en el Parque Viveros, tambi\u00e9n estar\u00e1 disponible sin costo para quienes deseen refrescarse y celebrar en comunidad.<\/p>\n<p>La alcaldesa destac\u00f3 que este tipo de acciones no son aisladas, sino parte de una visi\u00f3n de gobierno que pone al centro a las personas, particularmente a las ni\u00f1as y ni\u00f1os, impulsando entornos donde puedan crecer con bienestar, alegr\u00eda y oportunidades.<\/p>\n<p>De igual forma, ante el inicio de la temporada de calor, se invita a la ciudadan\u00eda a aprovechar otros espacios p\u00fablicos como las \u00e1reas acu\u00e1ticas del Parque Viveros, El Laguito y las plazas \u201cPies Mojados\u201d, que contin\u00faan consolid\u00e1ndose como puntos de encuentro familiar.<\/p>\n<p>El Gobierno Municipal exhorta a la poblaci\u00f3n a hacer uso responsable de estas instalaciones, respetando las normas de seguridad y contribuyendo a su cuidado, para que estos espacios sigan siendo patrimonio de todas y todos.<\/p>\n<p>Con estas acciones, la administraci\u00f3n municipal no solo celebra a la ni\u00f1ez, sino que consolida una pol\u00edtica social incluyente que acerca los servicios y espacios p\u00fablicos a la ciudadan\u00eda, fortaleciendo el sentido de comunidad y el orgullo por Nuevo Laredo.<\/p>\n","protected":false},"excerpt":{"rendered":"<p>Nuevo Laredo, Tam (29-Abril-2026).- En una acci\u00f3n que reafirma el compromiso con el bienestar de&#8230;<\/p>\n","protected":false},"author":1,"featured_media":210721,"comment_status":"closed","ping_status":"closed","sticky":false,"template":"","format":"standard","meta":{"footnotes":"","jetpack_publicize_message":"","jetpack_publicize_feature_enabled":true,"jetpack_social_post_already_shared":true,"jetpack_social_options":{"image_generator_settings":{"template":"highway","default_image_id":0,"font":"","enabled":false},"version":2}},"categories":[16],"tags":[],"class_list":["post-210720","post","type-post","status-publish","format-standard","has-post-thumbnail","hentry","category-nuevolaredo"],"jetpack_publicize_connections":[],"_links":{"self":[{"href":"https:\/\/www.buroperiodistico.com.mx\/index.php?rest_route=\/wp\/v2\/posts\/210720","targetHints":{"allow":["GET"]}}],"collection":[{"href":"https:\/\/www.buroperiodistico.com.mx\/index.php?rest_route=\/wp\/v2\/posts"}],"about":[{"href":"https:\/\/www.buroperiodistico.com.mx\/index.php?rest_route=\/wp\/v2\/types\/post"}],"author":[{"embeddable":true,"href":"https:\/\/www.buroperiodistico.com.mx\/index.php?rest_route=\/wp\/v2\/users\/1"}],"replies":[{"embeddable":true,"href":"https:\/\/www.buroperiodistico.com.mx\/index.php?rest_route=%2Fwp%2Fv2%2Fcomments&post=210720"}],"version-history":[{"count":1,"href":"https:\/\/www.buroperiodistico.com.mx\/index.php?rest_route=\/wp\/v2\/posts\/210720\/revisions"}],"predecessor-version":[{"id":210722,"href":"https:\/\/www.buroperiodistico.com.mx\/index.php?rest_route=\/wp\/v2\/posts\/210720\/revisions\/210722"}],"wp:featuredmedia":[{"embeddable":true,"href":"https:\/\/www.buroperiodistico.com.mx\/index.php?rest_route=\/wp\/v2\/media\/210721"}],"wp:attachment":[{"href":"https:\/\/www.buroperiodistico.com.mx\/index.php?rest_route=%2Fwp%2Fv2%2Fmedia&parent=210720"}],"wp:term":[{"taxonomy":"category","embeddable":true,"href":"https:\/\/www.buroperiodistico.com.mx\/index.php?rest_route=%2Fwp%2Fv2%2Fcategories&post=210720"},{"taxonomy":"post_tag","embeddable":true,"href":"https:\/\/www.buroperiodistico.com.mx\/index.php?rest_route=%2Fwp%2Fv2%2Ftags&post=210720"}],"curies":[{"name":"wp","href":"https:\/\/api.w.org\/{rel}","templated":true}]}}