{"id":210715,"date":"2026-04-29T17:13:46","date_gmt":"2026-04-29T22:13:46","guid":{"rendered":"https:\/\/www.buroperiodistico.com.mx\/?p=210715"},"modified":"2026-04-29T17:13:46","modified_gmt":"2026-04-29T22:13:46","slug":"avanza-programa-piso-firme-en-nuevo-laredo-para-mejorar-la-calidad-de-vida-de-las-familias","status":"publish","type":"post","link":"https:\/\/www.buroperiodistico.com.mx\/?p=210715","title":{"rendered":"AVANZA PROGRAMA \u201cPISO FIRME\u201d EN NUEVO LAREDO PARA MEJORAR LA CALIDAD DE VIDA DE LAS FAMILIAS"},"content":{"rendered":"<p><em><strong><img loading=\"lazy\" decoding=\"async\" class=\" wp-image-210716 alignright\" src=\"https:\/\/www.buroperiodistico.com.mx\/wp-content\/uploads\/2026\/04\/Pisxo.jpg\" alt=\"\" width=\"579\" height=\"313\" srcset=\"https:\/\/www.buroperiodistico.com.mx\/wp-content\/uploads\/2026\/04\/Pisxo.jpg 1110w, https:\/\/www.buroperiodistico.com.mx\/wp-content\/uploads\/2026\/04\/Pisxo-300x162.jpg 300w, https:\/\/www.buroperiodistico.com.mx\/wp-content\/uploads\/2026\/04\/Pisxo-1024x554.jpg 1024w, https:\/\/www.buroperiodistico.com.mx\/wp-content\/uploads\/2026\/04\/Pisxo-768x415.jpg 768w\" sizes=\"auto, (max-width: 579px) 100vw, 579px\" \/>Nuevo Laredo, Tam (29-Abril-2026).-<\/strong><\/em> El Gobierno Municipal de Nuevo Laredo, a trav\u00e9s de la Secretar\u00eda de Bienestar Social, contin\u00faa impulsando el programa \u201cPiso Firme\u201d, una estrategia enfocada en mejorar las condiciones de vivienda de las familias que m\u00e1s lo necesitan, mediante la sustituci\u00f3n de pisos de tierra por superficies de concreto.<\/p>\n<p>La titular de la dependencia, Liliana Arjona Barocio, inform\u00f3 que actualmente 46 personas ya han completado satisfactoriamente su tr\u00e1mite para acceder a este beneficio, y destac\u00f3 que durante el a\u00f1o se mantendr\u00e1 abierta la convocatoria para ampliar el alcance del programa.<\/p>\n<p>\u201cTenemos 46 personas que han completado todo el tr\u00e1mite y contamos con una cantidad importante de apoyos que vamos a estar ofertando durante todo el a\u00f1o; invitamos a la ciudadan\u00eda que necesite un piso de aproximadamente 3 por 3 metros de cemento a que se acerque, ya que los requisitos son m\u00ednimos\u201d, se\u00f1al\u00f3.<\/p>\n<p>La funcionaria explic\u00f3 que, como parte del proceso, se realizan mediciones y un an\u00e1lisis t\u00e9cnico en cada vivienda para validar la viabilidad del apoyo, posteriormente el proyecto es canalizado al \u00e1rea de Servicios P\u00fablicos para su ejecuci\u00f3n. A\u00f1adi\u00f3 que en breve iniciar\u00e1n los trabajos de construcci\u00f3n de los primeros pisos.<\/p>\n<p>El programa \u201cPiso Firme\u201d contempla beneficiar a un total de 240 viviendas en esta etapa, contribuyendo a mejorar la salud, seguridad y bienestar de las familias, al reducir riesgos asociados a los pisos de tierra, como enfermedades y condiciones insalubres.<\/p>\n<p>Con la implementaci\u00f3n de estos programas de bienestar social, el Gobierno de Nuevo Laredo atiende las necesidades b\u00e1sicas de la poblaci\u00f3n y fortalece el desarrollo social en las colonias de la ciudad.<\/p>\n","protected":false},"excerpt":{"rendered":"<p>Nuevo Laredo, Tam (29-Abril-2026).- El Gobierno Municipal de Nuevo Laredo, a trav\u00e9s de la Secretar\u00eda&#8230;<\/p>\n","protected":false},"author":1,"featured_media":210716,"comment_status":"closed","ping_status":"closed","sticky":false,"template":"","format":"standard","meta":{"footnotes":"","jetpack_publicize_message":"","jetpack_publicize_feature_enabled":true,"jetpack_social_post_already_shared":true,"jetpack_social_options":{"image_generator_settings":{"template":"highway","default_image_id":0,"font":"","enabled":false},"version":2}},"categories":[16],"tags":[],"class_list":["post-210715","post","type-post","status-publish","format-standard","has-post-thumbnail","hentry","category-nuevolaredo"],"jetpack_publicize_connections":[],"_links":{"self":[{"href":"https:\/\/www.buroperiodistico.com.mx\/index.php?rest_route=\/wp\/v2\/posts\/210715","targetHints":{"allow":["GET"]}}],"collection":[{"href":"https:\/\/www.buroperiodistico.com.mx\/index.php?rest_route=\/wp\/v2\/posts"}],"about":[{"href":"https:\/\/www.buroperiodistico.com.mx\/index.php?rest_route=\/wp\/v2\/types\/post"}],"author":[{"embeddable":true,"href":"https:\/\/www.buroperiodistico.com.mx\/index.php?rest_route=\/wp\/v2\/users\/1"}],"replies":[{"embeddable":true,"href":"https:\/\/www.buroperiodistico.com.mx\/index.php?rest_route=%2Fwp%2Fv2%2Fcomments&post=210715"}],"version-history":[{"count":2,"href":"https:\/\/www.buroperiodistico.com.mx\/index.php?rest_route=\/wp\/v2\/posts\/210715\/revisions"}],"predecessor-version":[{"id":210718,"href":"https:\/\/www.buroperiodistico.com.mx\/index.php?rest_route=\/wp\/v2\/posts\/210715\/revisions\/210718"}],"wp:featuredmedia":[{"embeddable":true,"href":"https:\/\/www.buroperiodistico.com.mx\/index.php?rest_route=\/wp\/v2\/media\/210716"}],"wp:attachment":[{"href":"https:\/\/www.buroperiodistico.com.mx\/index.php?rest_route=%2Fwp%2Fv2%2Fmedia&parent=210715"}],"wp:term":[{"taxonomy":"category","embeddable":true,"href":"https:\/\/www.buroperiodistico.com.mx\/index.php?rest_route=%2Fwp%2Fv2%2Fcategories&post=210715"},{"taxonomy":"post_tag","embeddable":true,"href":"https:\/\/www.buroperiodistico.com.mx\/index.php?rest_route=%2Fwp%2Fv2%2Ftags&post=210715"}],"curies":[{"name":"wp","href":"https:\/\/api.w.org\/{rel}","templated":true}]}}