{"id":210709,"date":"2026-04-29T15:48:46","date_gmt":"2026-04-29T20:48:46","guid":{"rendered":"https:\/\/www.buroperiodistico.com.mx\/?p=210709"},"modified":"2026-04-29T15:48:46","modified_gmt":"2026-04-29T20:48:46","slug":"impulsa-congreso-participacion-ciudadana-para-fortalecer-reforma-integral-a-la-ley-de-la-comision-de-derechos-humanos-del-estado","status":"publish","type":"post","link":"https:\/\/www.buroperiodistico.com.mx\/?p=210709","title":{"rendered":"Impulsa Congreso participaci\u00f3n ciudadana para fortalecer reforma integral a la Ley de la Comisi\u00f3n de Derechos Humanos del Estado"},"content":{"rendered":"<p><em><strong><img loading=\"lazy\" decoding=\"async\" class=\" wp-image-210713 alignright\" src=\"https:\/\/www.buroperiodistico.com.mx\/wp-content\/uploads\/2026\/04\/Dipux-2.jpeg\" alt=\"\" width=\"565\" height=\"336\" srcset=\"https:\/\/www.buroperiodistico.com.mx\/wp-content\/uploads\/2026\/04\/Dipux-2.jpeg 1600w, https:\/\/www.buroperiodistico.com.mx\/wp-content\/uploads\/2026\/04\/Dipux-2-300x179.jpeg 300w, https:\/\/www.buroperiodistico.com.mx\/wp-content\/uploads\/2026\/04\/Dipux-2-1024x609.jpeg 1024w, https:\/\/www.buroperiodistico.com.mx\/wp-content\/uploads\/2026\/04\/Dipux-2-768x457.jpeg 768w, https:\/\/www.buroperiodistico.com.mx\/wp-content\/uploads\/2026\/04\/Dipux-2-1536x914.jpeg 1536w\" sizes=\"auto, (max-width: 565px) 100vw, 565px\" \/>Cd. Victoria, Tam (29-Abril-2026).-<\/strong><\/em> \u200eEn un ejercicio de Parlamento Abierto orientado a fortalecer el marco jur\u00eddico en materia de derechos humanos, el Congreso local, en coordinaci\u00f3n con la Comisi\u00f3n de Derechos Humanos de Tamaulipas, llev\u00f3 a cabo en Altamira el Foro de Participaci\u00f3n para la Construcci\u00f3n de la Reforma a su ley.<\/p>\n<p>La actividad se desarroll\u00f3 en el IEST An\u00e1huac Campus Altamira, encabezada por la presidenta de la Comisi\u00f3n de Derechos Humanos del Congreso, diputada Eva Araceli Reyes Gonz\u00e1lez, con la participaci\u00f3n del diputado Marcelo Abundiz, integrante de este \u00f3rgano legislativo, as\u00ed como de las y los diputados Lucero Deosdady Mart\u00ednez L\u00f3pez, Jos\u00e9 Abdo Schekaib\u00e1n Ongay, Ma del Rosario Gonz\u00e1lez Flores y \u00darsula Salazar Mojica.<\/p>\n<p>\u200eEl foro reuni\u00f3 a representantes de la sociedad civil organizada, barras y colegios de abogados, estudiantes universitarios, colectivos y diversos sectores sociales, quienes participaron en mesas tem\u00e1ticas para aportar propuestas sobre protecci\u00f3n y defensa de derechos humanos, promoci\u00f3n y difusi\u00f3n, armonizaci\u00f3n legislativa, fortalecimiento institucional y acciones de colaboraci\u00f3n con la CNDH y otros organismos.<\/p>\n<p>\u200eDurante su intervenci\u00f3n, la legisladora Reyes Gonz\u00e1lez destac\u00f3 que este ejercicio busca consolidar una reforma integral construida desde la participaci\u00f3n ciudadana.<\/p>\n<p>\u200e\u201cLa Comisi\u00f3n de Derechos Humanos de Tamaulipas cumple 35 a\u00f1os de vida institucional, y este aniversario no debe ser solo una conmemoraci\u00f3n, sino una oportunidad para revisar, actualizar y fortalecer su marco jur\u00eddico de frente a la sociedad y en corresponsabilidad\u201d, expres\u00f3.<\/p>\n<p>\u200eSe\u00f1al\u00f3 que desde el Congreso se impulsa una legislaci\u00f3n viva y acorde a los retos actuales.<\/p>\n<p>\u200e\u201cUna ley en materia de derechos humanos debe responder al tiempo presente; debe servir para proteger mejor, prevenir abusos, fortalecer mecanismos de defensa y promover una cultura de respeto\u201d, afirm\u00f3.<\/p>\n<p>\u200eAsimismo, subray\u00f3 que el objetivo es construir una reforma que fortalezca a la instituci\u00f3n como instrumento de justicia y garantice que las acciones institucionales tengan un impacto real en la vida de las personas.<\/p>\n<p>Con estas acciones, el Poder Legislativo refrenda su compromiso con la construcci\u00f3n de leyes m\u00e1s incluyentes, mediante procesos abiertos de di\u00e1logo que fortalezcan la protecci\u00f3n y promoci\u00f3n de los derechos humanos en Tamaulipas.<\/p>\n<p><img loading=\"lazy\" decoding=\"async\" class=\"aligncenter  wp-image-210710\" src=\"https:\/\/www.buroperiodistico.com.mx\/wp-content\/uploads\/2026\/04\/Dipux-I-2.jpeg\" alt=\"\" width=\"707\" height=\"531\" srcset=\"https:\/\/www.buroperiodistico.com.mx\/wp-content\/uploads\/2026\/04\/Dipux-I-2.jpeg 1600w, https:\/\/www.buroperiodistico.com.mx\/wp-content\/uploads\/2026\/04\/Dipux-I-2-300x225.jpeg 300w, https:\/\/www.buroperiodistico.com.mx\/wp-content\/uploads\/2026\/04\/Dipux-I-2-1024x768.jpeg 1024w, https:\/\/www.buroperiodistico.com.mx\/wp-content\/uploads\/2026\/04\/Dipux-I-2-768x576.jpeg 768w, https:\/\/www.buroperiodistico.com.mx\/wp-content\/uploads\/2026\/04\/Dipux-I-2-1536x1152.jpeg 1536w\" sizes=\"auto, (max-width: 707px) 100vw, 707px\" \/> <img loading=\"lazy\" decoding=\"async\" class=\"aligncenter  wp-image-210712\" src=\"https:\/\/www.buroperiodistico.com.mx\/wp-content\/uploads\/2026\/04\/Dipux-III.jpeg\" alt=\"\" width=\"705\" height=\"529\" srcset=\"https:\/\/www.buroperiodistico.com.mx\/wp-content\/uploads\/2026\/04\/Dipux-III.jpeg 1600w, https:\/\/www.buroperiodistico.com.mx\/wp-content\/uploads\/2026\/04\/Dipux-III-300x225.jpeg 300w, https:\/\/www.buroperiodistico.com.mx\/wp-content\/uploads\/2026\/04\/Dipux-III-1024x768.jpeg 1024w, https:\/\/www.buroperiodistico.com.mx\/wp-content\/uploads\/2026\/04\/Dipux-III-768x576.jpeg 768w, https:\/\/www.buroperiodistico.com.mx\/wp-content\/uploads\/2026\/04\/Dipux-III-1536x1152.jpeg 1536w\" sizes=\"auto, (max-width: 705px) 100vw, 705px\" \/> <img loading=\"lazy\" decoding=\"async\" class=\"aligncenter  wp-image-210711\" src=\"https:\/\/www.buroperiodistico.com.mx\/wp-content\/uploads\/2026\/04\/Dipux-II-1.jpeg\" alt=\"\" width=\"711\" height=\"534\" srcset=\"https:\/\/www.buroperiodistico.com.mx\/wp-content\/uploads\/2026\/04\/Dipux-II-1.jpeg 1600w, https:\/\/www.buroperiodistico.com.mx\/wp-content\/uploads\/2026\/04\/Dipux-II-1-300x225.jpeg 300w, https:\/\/www.buroperiodistico.com.mx\/wp-content\/uploads\/2026\/04\/Dipux-II-1-1024x768.jpeg 1024w, https:\/\/www.buroperiodistico.com.mx\/wp-content\/uploads\/2026\/04\/Dipux-II-1-768x576.jpeg 768w, https:\/\/www.buroperiodistico.com.mx\/wp-content\/uploads\/2026\/04\/Dipux-II-1-1536x1152.jpeg 1536w\" sizes=\"auto, (max-width: 711px) 100vw, 711px\" \/><\/p>\n","protected":false},"excerpt":{"rendered":"<p>Cd. Victoria, Tam (29-Abril-2026).- \u200eEn un ejercicio de Parlamento Abierto orientado a fortalecer el marco&#8230;<\/p>\n","protected":false},"author":1,"featured_media":210713,"comment_status":"closed","ping_status":"closed","sticky":false,"template":"","format":"standard","meta":{"footnotes":"","jetpack_publicize_message":"","jetpack_publicize_feature_enabled":true,"jetpack_social_post_already_shared":true,"jetpack_social_options":{"image_generator_settings":{"template":"highway","default_image_id":0,"font":"","enabled":false},"version":2}},"categories":[17],"tags":[],"class_list":["post-210709","post","type-post","status-publish","format-standard","has-post-thumbnail","hentry","category-ciudadvictoria"],"jetpack_publicize_connections":[],"_links":{"self":[{"href":"https:\/\/www.buroperiodistico.com.mx\/index.php?rest_route=\/wp\/v2\/posts\/210709","targetHints":{"allow":["GET"]}}],"collection":[{"href":"https:\/\/www.buroperiodistico.com.mx\/index.php?rest_route=\/wp\/v2\/posts"}],"about":[{"href":"https:\/\/www.buroperiodistico.com.mx\/index.php?rest_route=\/wp\/v2\/types\/post"}],"author":[{"embeddable":true,"href":"https:\/\/www.buroperiodistico.com.mx\/index.php?rest_route=\/wp\/v2\/users\/1"}],"replies":[{"embeddable":true,"href":"https:\/\/www.buroperiodistico.com.mx\/index.php?rest_route=%2Fwp%2Fv2%2Fcomments&post=210709"}],"version-history":[{"count":1,"href":"https:\/\/www.buroperiodistico.com.mx\/index.php?rest_route=\/wp\/v2\/posts\/210709\/revisions"}],"predecessor-version":[{"id":210714,"href":"https:\/\/www.buroperiodistico.com.mx\/index.php?rest_route=\/wp\/v2\/posts\/210709\/revisions\/210714"}],"wp:featuredmedia":[{"embeddable":true,"href":"https:\/\/www.buroperiodistico.com.mx\/index.php?rest_route=\/wp\/v2\/media\/210713"}],"wp:attachment":[{"href":"https:\/\/www.buroperiodistico.com.mx\/index.php?rest_route=%2Fwp%2Fv2%2Fmedia&parent=210709"}],"wp:term":[{"taxonomy":"category","embeddable":true,"href":"https:\/\/www.buroperiodistico.com.mx\/index.php?rest_route=%2Fwp%2Fv2%2Fcategories&post=210709"},{"taxonomy":"post_tag","embeddable":true,"href":"https:\/\/www.buroperiodistico.com.mx\/index.php?rest_route=%2Fwp%2Fv2%2Ftags&post=210709"}],"curies":[{"name":"wp","href":"https:\/\/api.w.org\/{rel}","templated":true}]}}