{"id":210702,"date":"2026-04-29T15:18:19","date_gmt":"2026-04-29T20:18:19","guid":{"rendered":"https:\/\/www.buroperiodistico.com.mx\/?p=210702"},"modified":"2026-04-29T15:18:19","modified_gmt":"2026-04-29T20:18:19","slug":"multiplica-vigilancia-guardia-estatal-en-parque-de-reynosa","status":"publish","type":"post","link":"https:\/\/www.buroperiodistico.com.mx\/?p=210702","title":{"rendered":"MULTIPLICA VIGILANCIA GUARDIA ESTATAL EN PARQUE DE REYNOSA\u00a0"},"content":{"rendered":"<div class=\"x_elementToProof\">\n<div class=\"x_elementToProof\" data-olk-copy-source=\"MessageBody\"><em><strong>Por: Citlali Blanco<\/strong><\/em><\/div>\n<div class=\"x_elementToProof\" data-olk-copy-source=\"MessageBody\"><em><strong><img loading=\"lazy\" decoding=\"async\" class=\" wp-image-210707 alignright\" src=\"https:\/\/www.buroperiodistico.com.mx\/wp-content\/uploads\/2026\/04\/Vigizx.jpg\" alt=\"\" width=\"494\" height=\"267\" srcset=\"https:\/\/www.buroperiodistico.com.mx\/wp-content\/uploads\/2026\/04\/Vigizx.jpg 1110w, https:\/\/www.buroperiodistico.com.mx\/wp-content\/uploads\/2026\/04\/Vigizx-300x162.jpg 300w, https:\/\/www.buroperiodistico.com.mx\/wp-content\/uploads\/2026\/04\/Vigizx-1024x554.jpg 1024w, https:\/\/www.buroperiodistico.com.mx\/wp-content\/uploads\/2026\/04\/Vigizx-768x415.jpg 768w\" sizes=\"auto, (max-width: 494px) 100vw, 494px\" \/>REYNOSA, TAM (Abril 29, de 2026).-<\/strong><\/em> Elementos de la Guardia Estatal sorprendieron esta ma\u00f1ana a los trotadores y beneficiarios de los Programas del Bienestar al multiplicar su presencia en el Parque Cultural Reynosa, espacio de 40 hect\u00e1reas usado por cientos de trotadores.<\/div>\n<\/div>\n<div class=\"x_elementToProof\">\n<div><\/div>\n<div class=\"x_elementToProof\">\u201cLa orden es resguardar la integridad f\u00edsica de las personas y su patrimonio, procurar la recuperaci\u00f3n de los espacios p\u00fablicos para la sana convivencia de la sociedad de Reynosa\u201d, se\u00f1al\u00f3 un agente.<\/div>\n<\/div>\n<div class=\"x_elementToProof\">\n<div><\/div>\n<div class=\"x_elementToProof\">El Operativo desplegado desde\u00a0el lunes\u00a0coincidi\u00f3 con el registro de\u00a0nuevas incorporaciones al Programa de Bienestar de las Mujeres de 60 a 64 a\u00f1os.<\/div>\n<\/div>\n<div class=\"x_elementToProof\">\n<div><\/div>\n<div class=\"x_elementToProof\">Pero desde la semana pasada empez\u00f3 la entrega del bimestre de\u00a0pagos de\u00a0becas a discapacitados, adultos mayores y dem\u00e1s.<\/div>\n<\/div>\n<div class=\"x_elementToProof\">\n<div><\/div>\n<div class=\"x_elementToProof\">\u00a0La queja constante de los usuarios del Parque Cultural Reynosa son los \u201ccristalazos\u201d a sus veh\u00edculos para robarles.<\/div>\n<\/div>\n<div class=\"x_elementToProof\">\n<div><\/div>\n<div class=\"x_elementToProof\">No se han reportado casos de acoso ni\u00a0de\u00a0abusos, pero los agentes de la Guardia Estatal exhortaron a los caminantes y usuarios reportar cualquier de estas conductas inapropiadas.<\/div>\n<\/div>\n<div class=\"x_elementToProof\">\n<div><\/div>\n<div><\/div>\n<div class=\"x_elementToProof\">El parque consta de 40 hect\u00e1reas de extensi\u00f3n y se ha convertido en el principal atractivo de los caminantes, corredores y amantes del arte, arte y recientemente hasta beneficiarios de programa\u00a0sociales del gobierno federal y estatal.<\/div>\n<\/div>\n<div class=\"x_elementToProof\">\n<div><\/div>\n<div class=\"x_elementToProof\">En el inmueble est\u00e1 el\u00a0Centro de Arte y Cultura, el parque ecol\u00f3gico,\u00a0la Laguna La Escondida y su\u00a0ancho\u00a0Malec\u00f3n\u00a0de casi dos kil\u00f3metros.\u00a0Tambi\u00e9n est\u00e1 el Centro de Atenci\u00f3n a Migrantes y el Centro de Convenciones.<\/div>\n<\/div>\n<div class=\"x_elementToProof\">\n<div><\/div>\n<div class=\"x_elementToProof\">El Centro de Convenciones este gobierno estatal autoriz\u00f3 que en sus m\u00faltiples oficinas se instalaran oficinas de las delegaciones de la Secretar\u00eda de Bienestar, del Servicio Nacional del Empleo y\u00a0otras, por lo que registra a diario mucho movimiento.<\/div>\n<\/div>\n<div class=\"x_elementToProof\">\n<div><\/div>\n<div class=\"x_elementToProof\">Adem\u00e1s, el recinto denominado La Casa de la Tierra del Parque Cultural Reynosa est\u00e1 en remodelaci\u00f3n.<\/div>\n<div><\/div>\n<div class=\"x_elementToProof\">La Casa de la Tierra en Tamaulipas son centros de inter\u00e9s para ni\u00f1os y estudiantes que promueven la educaci\u00f3n ambiental, sensibilizan sobre el cambio clim\u00e1tico, la biodiversidad y el desarrollo sustentable y sostenible; las esferas animadas de la NASA y la NOAA atraen a grupos infantiles de escuelas primarias.<\/div>\n<div><img loading=\"lazy\" decoding=\"async\" class=\"aligncenter size-full wp-image-210703\" src=\"https:\/\/www.buroperiodistico.com.mx\/wp-content\/uploads\/2026\/04\/Vigizx-I.png\" alt=\"\" width=\"640\" height=\"480\" srcset=\"https:\/\/www.buroperiodistico.com.mx\/wp-content\/uploads\/2026\/04\/Vigizx-I.png 640w, https:\/\/www.buroperiodistico.com.mx\/wp-content\/uploads\/2026\/04\/Vigizx-I-300x225.png 300w\" sizes=\"auto, (max-width: 640px) 100vw, 640px\" \/> <img loading=\"lazy\" decoding=\"async\" class=\"aligncenter size-full wp-image-210706\" src=\"https:\/\/www.buroperiodistico.com.mx\/wp-content\/uploads\/2026\/04\/Vigizx-IIII.png\" alt=\"\" width=\"640\" height=\"360\" srcset=\"https:\/\/www.buroperiodistico.com.mx\/wp-content\/uploads\/2026\/04\/Vigizx-IIII.png 640w, https:\/\/www.buroperiodistico.com.mx\/wp-content\/uploads\/2026\/04\/Vigizx-IIII-300x169.png 300w\" sizes=\"auto, (max-width: 640px) 100vw, 640px\" \/> <img loading=\"lazy\" decoding=\"async\" class=\"aligncenter size-full wp-image-210705\" src=\"https:\/\/www.buroperiodistico.com.mx\/wp-content\/uploads\/2026\/04\/Vigizx-III.png\" alt=\"\" width=\"640\" height=\"480\" srcset=\"https:\/\/www.buroperiodistico.com.mx\/wp-content\/uploads\/2026\/04\/Vigizx-III.png 640w, https:\/\/www.buroperiodistico.com.mx\/wp-content\/uploads\/2026\/04\/Vigizx-III-300x225.png 300w\" sizes=\"auto, (max-width: 640px) 100vw, 640px\" \/> <img loading=\"lazy\" decoding=\"async\" class=\"aligncenter size-full wp-image-210704\" src=\"https:\/\/www.buroperiodistico.com.mx\/wp-content\/uploads\/2026\/04\/Vigizx-II.png\" alt=\"\" width=\"640\" height=\"296\" srcset=\"https:\/\/www.buroperiodistico.com.mx\/wp-content\/uploads\/2026\/04\/Vigizx-II.png 640w, https:\/\/www.buroperiodistico.com.mx\/wp-content\/uploads\/2026\/04\/Vigizx-II-300x139.png 300w\" sizes=\"auto, (max-width: 640px) 100vw, 640px\" \/><\/div>\n<\/div>\n","protected":false},"excerpt":{"rendered":"<p>Por: Citlali Blanco REYNOSA, TAM (Abril 29, de 2026).- Elementos de la Guardia Estatal sorprendieron&#8230;<\/p>\n","protected":false},"author":1,"featured_media":210707,"comment_status":"closed","ping_status":"closed","sticky":false,"template":"","format":"standard","meta":{"footnotes":"","jetpack_publicize_message":"","jetpack_publicize_feature_enabled":true,"jetpack_social_post_already_shared":true,"jetpack_social_options":{"image_generator_settings":{"template":"highway","default_image_id":0,"font":"","enabled":false},"version":2}},"categories":[9],"tags":[],"class_list":["post-210702","post","type-post","status-publish","format-standard","has-post-thumbnail","hentry","category-reynosa"],"jetpack_publicize_connections":[],"_links":{"self":[{"href":"https:\/\/www.buroperiodistico.com.mx\/index.php?rest_route=\/wp\/v2\/posts\/210702","targetHints":{"allow":["GET"]}}],"collection":[{"href":"https:\/\/www.buroperiodistico.com.mx\/index.php?rest_route=\/wp\/v2\/posts"}],"about":[{"href":"https:\/\/www.buroperiodistico.com.mx\/index.php?rest_route=\/wp\/v2\/types\/post"}],"author":[{"embeddable":true,"href":"https:\/\/www.buroperiodistico.com.mx\/index.php?rest_route=\/wp\/v2\/users\/1"}],"replies":[{"embeddable":true,"href":"https:\/\/www.buroperiodistico.com.mx\/index.php?rest_route=%2Fwp%2Fv2%2Fcomments&post=210702"}],"version-history":[{"count":1,"href":"https:\/\/www.buroperiodistico.com.mx\/index.php?rest_route=\/wp\/v2\/posts\/210702\/revisions"}],"predecessor-version":[{"id":210708,"href":"https:\/\/www.buroperiodistico.com.mx\/index.php?rest_route=\/wp\/v2\/posts\/210702\/revisions\/210708"}],"wp:featuredmedia":[{"embeddable":true,"href":"https:\/\/www.buroperiodistico.com.mx\/index.php?rest_route=\/wp\/v2\/media\/210707"}],"wp:attachment":[{"href":"https:\/\/www.buroperiodistico.com.mx\/index.php?rest_route=%2Fwp%2Fv2%2Fmedia&parent=210702"}],"wp:term":[{"taxonomy":"category","embeddable":true,"href":"https:\/\/www.buroperiodistico.com.mx\/index.php?rest_route=%2Fwp%2Fv2%2Fcategories&post=210702"},{"taxonomy":"post_tag","embeddable":true,"href":"https:\/\/www.buroperiodistico.com.mx\/index.php?rest_route=%2Fwp%2Fv2%2Ftags&post=210702"}],"curies":[{"name":"wp","href":"https:\/\/api.w.org\/{rel}","templated":true}]}}