{"id":210696,"date":"2026-04-29T15:13:58","date_gmt":"2026-04-29T20:13:58","guid":{"rendered":"https:\/\/www.buroperiodistico.com.mx\/?p=210696"},"modified":"2026-04-29T15:13:58","modified_gmt":"2026-04-29T20:13:58","slug":"continua-tamaulipas-con-la-meta-de-lograr-electrificacion-al-100-en-comunidades-rurales","status":"publish","type":"post","link":"https:\/\/www.buroperiodistico.com.mx\/?p=210696","title":{"rendered":"Contin\u00faa Tamaulipas con la meta de lograr electrificaci\u00f3n al 100% en comunidades rurales"},"content":{"rendered":"<p><em><strong><img loading=\"lazy\" decoding=\"async\" class=\" wp-image-210700 alignright\" src=\"https:\/\/www.buroperiodistico.com.mx\/wp-content\/uploads\/2026\/04\/SDErurales.jpeg\" alt=\"\" width=\"547\" height=\"355\" srcset=\"https:\/\/www.buroperiodistico.com.mx\/wp-content\/uploads\/2026\/04\/SDErurales.jpeg 1024w, https:\/\/www.buroperiodistico.com.mx\/wp-content\/uploads\/2026\/04\/SDErurales-300x195.jpeg 300w, https:\/\/www.buroperiodistico.com.mx\/wp-content\/uploads\/2026\/04\/SDErurales-768x499.jpeg 768w\" sizes=\"auto, (max-width: 547px) 100vw, 547px\" \/>Gustavo D\u00edaz Ordaz, Tamaulipas (29-Abril-2026).-<\/strong><\/em> En seguimiento a los objetivos establecidos por el gobernador Am\u00e9rico Villarreal Anaya, la Secretar\u00eda de Desarrollo Energ\u00e9tico (SEDENER) contin\u00faa con las actividades de verificaci\u00f3n de censos e instalaci\u00f3n de sistemas fotovoltaicos en beneficio de familias de comunidades rurales del municipio de Gustavo D\u00edaz Ordaz.<\/p>\n<p>Como parte del Programa de Electrificaci\u00f3n al 100% y del programa de Estufas Eficientes de Le\u00f1a, el equipo operativo de la dependencia realiza trabajos de campo en las localidades de Lucio Blanco, Rancho San Isidro, Rancho Los Gayt\u00e1n y Rancho Los D\u00edaz, donde se llevan a cabo labores de verificaci\u00f3n, instalaci\u00f3n y seguimiento para garantizar que los apoyos lleguen a la poblaci\u00f3n prioritaria.<\/p>\n<p>El titular de la dependencia, Walter Juli\u00e1n \u00c1ngel Jim\u00e9nez, destac\u00f3 que estas acciones forman parte de la estrategia de justicia energ\u00e9tica, orientada a garantizar el acceso universal a la energ\u00eda el\u00e9ctrica en el estado, al tiempo que se promueve el bienestar social, la sostenibilidad y mejores condiciones de vida para las familias.<\/p>\n<p>Asimismo, se\u00f1al\u00f3 que de manera paralela se implementa la entrega de estufas eficientes de le\u00f1a, con el objetivo de reducir emisiones contaminantes derivadas de la combusti\u00f3n tradicional, fomentar el uso eficiente de los recursos naturales y contribuir al cuidado de la salud de las familias beneficiarias.<\/p>\n<p>Estas acciones integrales -dijo- permiten avanzar en la atenci\u00f3n de necesidades b\u00e1sicas en comunidades rurales, fortaleciendo el desarrollo social y mejorando la calidad de vida de las y los tamaulipecos.<\/p>\n<p><img loading=\"lazy\" decoding=\"async\" class=\"aligncenter size-full wp-image-210697\" src=\"https:\/\/www.buroperiodistico.com.mx\/wp-content\/uploads\/2026\/04\/SDErurales-I.jpeg\" alt=\"\" width=\"640\" height=\"426\" srcset=\"https:\/\/www.buroperiodistico.com.mx\/wp-content\/uploads\/2026\/04\/SDErurales-I.jpeg 640w, https:\/\/www.buroperiodistico.com.mx\/wp-content\/uploads\/2026\/04\/SDErurales-I-300x200.jpeg 300w\" sizes=\"auto, (max-width: 640px) 100vw, 640px\" \/> <img loading=\"lazy\" decoding=\"async\" class=\"aligncenter size-full wp-image-210699\" src=\"https:\/\/www.buroperiodistico.com.mx\/wp-content\/uploads\/2026\/04\/SDErurales-III.jpeg\" alt=\"\" width=\"640\" height=\"426\" srcset=\"https:\/\/www.buroperiodistico.com.mx\/wp-content\/uploads\/2026\/04\/SDErurales-III.jpeg 640w, https:\/\/www.buroperiodistico.com.mx\/wp-content\/uploads\/2026\/04\/SDErurales-III-300x200.jpeg 300w\" sizes=\"auto, (max-width: 640px) 100vw, 640px\" \/> <img loading=\"lazy\" decoding=\"async\" class=\"aligncenter size-full wp-image-210698\" src=\"https:\/\/www.buroperiodistico.com.mx\/wp-content\/uploads\/2026\/04\/SDErurales-II.jpeg\" alt=\"\" width=\"640\" height=\"458\" srcset=\"https:\/\/www.buroperiodistico.com.mx\/wp-content\/uploads\/2026\/04\/SDErurales-II.jpeg 640w, https:\/\/www.buroperiodistico.com.mx\/wp-content\/uploads\/2026\/04\/SDErurales-II-300x215.jpeg 300w\" sizes=\"auto, (max-width: 640px) 100vw, 640px\" \/><\/p>\n","protected":false},"excerpt":{"rendered":"<p>Gustavo D\u00edaz Ordaz, Tamaulipas (29-Abril-2026).- En seguimiento a los objetivos establecidos por el gobernador Am\u00e9rico&#8230;<\/p>\n","protected":false},"author":1,"featured_media":210700,"comment_status":"closed","ping_status":"closed","sticky":false,"template":"","format":"standard","meta":{"footnotes":"","jetpack_publicize_message":"","jetpack_publicize_feature_enabled":true,"jetpack_social_post_already_shared":true,"jetpack_social_options":{"image_generator_settings":{"template":"highway","default_image_id":0,"font":"","enabled":false},"version":2}},"categories":[10],"tags":[],"class_list":["post-210696","post","type-post","status-publish","format-standard","has-post-thumbnail","hentry","category-tamaulipas"],"jetpack_publicize_connections":[],"_links":{"self":[{"href":"https:\/\/www.buroperiodistico.com.mx\/index.php?rest_route=\/wp\/v2\/posts\/210696","targetHints":{"allow":["GET"]}}],"collection":[{"href":"https:\/\/www.buroperiodistico.com.mx\/index.php?rest_route=\/wp\/v2\/posts"}],"about":[{"href":"https:\/\/www.buroperiodistico.com.mx\/index.php?rest_route=\/wp\/v2\/types\/post"}],"author":[{"embeddable":true,"href":"https:\/\/www.buroperiodistico.com.mx\/index.php?rest_route=\/wp\/v2\/users\/1"}],"replies":[{"embeddable":true,"href":"https:\/\/www.buroperiodistico.com.mx\/index.php?rest_route=%2Fwp%2Fv2%2Fcomments&post=210696"}],"version-history":[{"count":1,"href":"https:\/\/www.buroperiodistico.com.mx\/index.php?rest_route=\/wp\/v2\/posts\/210696\/revisions"}],"predecessor-version":[{"id":210701,"href":"https:\/\/www.buroperiodistico.com.mx\/index.php?rest_route=\/wp\/v2\/posts\/210696\/revisions\/210701"}],"wp:featuredmedia":[{"embeddable":true,"href":"https:\/\/www.buroperiodistico.com.mx\/index.php?rest_route=\/wp\/v2\/media\/210700"}],"wp:attachment":[{"href":"https:\/\/www.buroperiodistico.com.mx\/index.php?rest_route=%2Fwp%2Fv2%2Fmedia&parent=210696"}],"wp:term":[{"taxonomy":"category","embeddable":true,"href":"https:\/\/www.buroperiodistico.com.mx\/index.php?rest_route=%2Fwp%2Fv2%2Fcategories&post=210696"},{"taxonomy":"post_tag","embeddable":true,"href":"https:\/\/www.buroperiodistico.com.mx\/index.php?rest_route=%2Fwp%2Fv2%2Ftags&post=210696"}],"curies":[{"name":"wp","href":"https:\/\/api.w.org\/{rel}","templated":true}]}}