{"id":210688,"date":"2026-04-29T15:05:02","date_gmt":"2026-04-29T20:05:02","guid":{"rendered":"https:\/\/www.buroperiodistico.com.mx\/?p=210688"},"modified":"2026-04-29T15:05:02","modified_gmt":"2026-04-29T20:05:02","slug":"pusieron-en-marcha-carlos-pena-ortiz-y-familias-de-la-joya-construccion-de-cancha-de-futbol","status":"publish","type":"post","link":"https:\/\/www.buroperiodistico.com.mx\/?p=210688","title":{"rendered":"Pusieron en marcha Carlos Pe\u00f1a Ortiz y familias de La Joya, construcci\u00f3n de Cancha de Futbol"},"content":{"rendered":"<p><em><strong><img loading=\"lazy\" decoding=\"async\" class=\" wp-image-210694 alignright\" src=\"https:\/\/www.buroperiodistico.com.mx\/wp-content\/uploads\/2026\/04\/Alcax-4.jpeg\" alt=\"\" width=\"466\" height=\"288\" srcset=\"https:\/\/www.buroperiodistico.com.mx\/wp-content\/uploads\/2026\/04\/Alcax-4.jpeg 1024w, https:\/\/www.buroperiodistico.com.mx\/wp-content\/uploads\/2026\/04\/Alcax-4-300x185.jpeg 300w, https:\/\/www.buroperiodistico.com.mx\/wp-content\/uploads\/2026\/04\/Alcax-4-768x474.jpeg 768w\" sizes=\"auto, (max-width: 466px) 100vw, 466px\" \/>Reynosa, Tam (29-Abril-2026).-<\/strong><\/em> Acompa\u00f1ado de vecinos, funcionarios y miembros del Cabildo, el Presidente Municipal Carlos Pe\u00f1a Ortiz encabez\u00f3 el arranque de obra de la Cancha de Futbol en el fraccionamiento Villas de La Joya, espacio que ser\u00e1 supervisado por el propio Comit\u00e9 de Obras de la colonia.<\/p>\n<p>\u00abAgradezco a los vecinos de esta hermosa colonia por acompa\u00f1arnos, de manera muy especial a su representante Wendy Naomi Peralta Vargas, que tambi\u00e9n ser\u00e1 la encargada del Comit\u00e9 de Obras, que va a supervisar que se haga de la mejor manera, que todos est\u00e9n contentos, para que los ni\u00f1os de nuestra colonia puedan seguir jugando, disfrutando del hermoso deporte del futbol\u00bb, dijo el Alcalde.<\/p>\n<p>Subray\u00f3 que la cancha forma parte del Programa de Obra P\u00fablica M\u00e1s Grande en la Historia de Reynosa y que ser\u00e1 un punto de reuni\u00f3n para que ni\u00f1as, ni\u00f1os y j\u00f3venes encuentren en el deporte disciplina, valores y nuevas oportunidades. La obra contempla pasto sint\u00e9tico, iluminaci\u00f3n, gradas, cercado perimetral y andadores. En el evento lo acompa\u00f1aron: Eduardo L\u00f3pez Arias, Secretario de Obras P\u00fablicas; Hugo Felipe Ch\u00e1vez Herrera, Secretario de Bienestar Social; Nohem\u00ed Alem\u00e1n Hern\u00e1ndez, Secretaria de Desarrollo Urbano; Gabriela Rosas Blanco, Directora del DIF; Pablo Alejandro Cabrera, Coordinador de SEBIEN del sector, y Mar\u00eda del Socorro G\u00f3mez, presidenta de la colonia.<\/p>\n<p>#ReynosaImparable<br \/>\n#GobiernoMunicipalDeReynosa<\/p>\n<p><img loading=\"lazy\" decoding=\"async\" class=\"aligncenter size-full wp-image-210689\" src=\"https:\/\/www.buroperiodistico.com.mx\/wp-content\/uploads\/2026\/04\/Alcax-I-4.jpeg\" alt=\"\" width=\"640\" height=\"427\" srcset=\"https:\/\/www.buroperiodistico.com.mx\/wp-content\/uploads\/2026\/04\/Alcax-I-4.jpeg 640w, https:\/\/www.buroperiodistico.com.mx\/wp-content\/uploads\/2026\/04\/Alcax-I-4-300x200.jpeg 300w\" sizes=\"auto, (max-width: 640px) 100vw, 640px\" \/> <img loading=\"lazy\" decoding=\"async\" class=\"aligncenter size-full wp-image-210693\" src=\"https:\/\/www.buroperiodistico.com.mx\/wp-content\/uploads\/2026\/04\/Alcax-IIIII-3.jpeg\" alt=\"\" width=\"640\" height=\"427\" srcset=\"https:\/\/www.buroperiodistico.com.mx\/wp-content\/uploads\/2026\/04\/Alcax-IIIII-3.jpeg 640w, https:\/\/www.buroperiodistico.com.mx\/wp-content\/uploads\/2026\/04\/Alcax-IIIII-3-300x200.jpeg 300w\" sizes=\"auto, (max-width: 640px) 100vw, 640px\" \/> <img loading=\"lazy\" decoding=\"async\" class=\"aligncenter size-full wp-image-210692\" src=\"https:\/\/www.buroperiodistico.com.mx\/wp-content\/uploads\/2026\/04\/Alcax-IIII-4.jpeg\" alt=\"\" width=\"640\" height=\"427\" srcset=\"https:\/\/www.buroperiodistico.com.mx\/wp-content\/uploads\/2026\/04\/Alcax-IIII-4.jpeg 640w, https:\/\/www.buroperiodistico.com.mx\/wp-content\/uploads\/2026\/04\/Alcax-IIII-4-300x200.jpeg 300w\" sizes=\"auto, (max-width: 640px) 100vw, 640px\" \/> <img loading=\"lazy\" decoding=\"async\" class=\"aligncenter size-full wp-image-210691\" src=\"https:\/\/www.buroperiodistico.com.mx\/wp-content\/uploads\/2026\/04\/Alcax-III-4.jpeg\" alt=\"\" width=\"640\" height=\"427\" srcset=\"https:\/\/www.buroperiodistico.com.mx\/wp-content\/uploads\/2026\/04\/Alcax-III-4.jpeg 640w, https:\/\/www.buroperiodistico.com.mx\/wp-content\/uploads\/2026\/04\/Alcax-III-4-300x200.jpeg 300w\" sizes=\"auto, (max-width: 640px) 100vw, 640px\" \/> <img loading=\"lazy\" decoding=\"async\" class=\"aligncenter size-full wp-image-210690\" src=\"https:\/\/www.buroperiodistico.com.mx\/wp-content\/uploads\/2026\/04\/Alcax-II-4.jpeg\" alt=\"\" width=\"640\" height=\"427\" srcset=\"https:\/\/www.buroperiodistico.com.mx\/wp-content\/uploads\/2026\/04\/Alcax-II-4.jpeg 640w, https:\/\/www.buroperiodistico.com.mx\/wp-content\/uploads\/2026\/04\/Alcax-II-4-300x200.jpeg 300w\" sizes=\"auto, (max-width: 640px) 100vw, 640px\" \/><\/p>\n","protected":false},"excerpt":{"rendered":"<p>Reynosa, Tam (29-Abril-2026).- Acompa\u00f1ado de vecinos, funcionarios y miembros del Cabildo, el Presidente Municipal Carlos&#8230;<\/p>\n","protected":false},"author":1,"featured_media":210694,"comment_status":"closed","ping_status":"closed","sticky":false,"template":"","format":"standard","meta":{"footnotes":"","jetpack_publicize_message":"","jetpack_publicize_feature_enabled":true,"jetpack_social_post_already_shared":true,"jetpack_social_options":{"image_generator_settings":{"template":"highway","default_image_id":0,"font":"","enabled":false},"version":2}},"categories":[25,9],"tags":[],"class_list":["post-210688","post","type-post","status-publish","format-standard","has-post-thumbnail","hentry","category-portada","category-reynosa"],"jetpack_publicize_connections":[],"_links":{"self":[{"href":"https:\/\/www.buroperiodistico.com.mx\/index.php?rest_route=\/wp\/v2\/posts\/210688","targetHints":{"allow":["GET"]}}],"collection":[{"href":"https:\/\/www.buroperiodistico.com.mx\/index.php?rest_route=\/wp\/v2\/posts"}],"about":[{"href":"https:\/\/www.buroperiodistico.com.mx\/index.php?rest_route=\/wp\/v2\/types\/post"}],"author":[{"embeddable":true,"href":"https:\/\/www.buroperiodistico.com.mx\/index.php?rest_route=\/wp\/v2\/users\/1"}],"replies":[{"embeddable":true,"href":"https:\/\/www.buroperiodistico.com.mx\/index.php?rest_route=%2Fwp%2Fv2%2Fcomments&post=210688"}],"version-history":[{"count":1,"href":"https:\/\/www.buroperiodistico.com.mx\/index.php?rest_route=\/wp\/v2\/posts\/210688\/revisions"}],"predecessor-version":[{"id":210695,"href":"https:\/\/www.buroperiodistico.com.mx\/index.php?rest_route=\/wp\/v2\/posts\/210688\/revisions\/210695"}],"wp:featuredmedia":[{"embeddable":true,"href":"https:\/\/www.buroperiodistico.com.mx\/index.php?rest_route=\/wp\/v2\/media\/210694"}],"wp:attachment":[{"href":"https:\/\/www.buroperiodistico.com.mx\/index.php?rest_route=%2Fwp%2Fv2%2Fmedia&parent=210688"}],"wp:term":[{"taxonomy":"category","embeddable":true,"href":"https:\/\/www.buroperiodistico.com.mx\/index.php?rest_route=%2Fwp%2Fv2%2Fcategories&post=210688"},{"taxonomy":"post_tag","embeddable":true,"href":"https:\/\/www.buroperiodistico.com.mx\/index.php?rest_route=%2Fwp%2Fv2%2Ftags&post=210688"}],"curies":[{"name":"wp","href":"https:\/\/api.w.org\/{rel}","templated":true}]}}