{"id":210685,"date":"2026-04-29T14:43:25","date_gmt":"2026-04-29T19:43:25","guid":{"rendered":"https:\/\/www.buroperiodistico.com.mx\/?p=210685"},"modified":"2026-04-29T14:43:25","modified_gmt":"2026-04-29T19:43:25","slug":"acusa-eeuu-de-narco-a-gobernador-de-sinaloa","status":"publish","type":"post","link":"https:\/\/www.buroperiodistico.com.mx\/?p=210685","title":{"rendered":"ACUSA EEUU DE NARCO A GOBERNADOR DE SINALOA"},"content":{"rendered":"<p><em><strong>(29-Abril-2026).-<\/strong><\/em> Estados Unidos presenta una acusaci\u00f3n formal contra el gobernador de Sinaloa, Rub\u00e9n Rocha Moya, y otras diez personas por presuntos v\u00ednculos con el C\u00e1rtel de Sinaloa.<\/p>\n<p>De acuerdo con la investigaci\u00f3n, los implicados habr\u00edan colaborado en el tr\u00e1fico de drogas hacia territorio estadounidense, en un caso que tambi\u00e9n incluye cargos por homicidio y uso de armas de fuego.<\/p>\n<p>Ron Johnson, embajador de Estados Unidos en M\u00e9xico, dio a conocer la noticia as\u00ed:<\/p>\n<p><img loading=\"lazy\" decoding=\"async\" class=\"aligncenter size-full wp-image-210686\" src=\"https:\/\/www.buroperiodistico.com.mx\/wp-content\/uploads\/2026\/04\/Cartax.jpg\" alt=\"\" width=\"1110\" height=\"600\" srcset=\"https:\/\/www.buroperiodistico.com.mx\/wp-content\/uploads\/2026\/04\/Cartax.jpg 1110w, https:\/\/www.buroperiodistico.com.mx\/wp-content\/uploads\/2026\/04\/Cartax-300x162.jpg 300w, https:\/\/www.buroperiodistico.com.mx\/wp-content\/uploads\/2026\/04\/Cartax-1024x554.jpg 1024w, https:\/\/www.buroperiodistico.com.mx\/wp-content\/uploads\/2026\/04\/Cartax-768x415.jpg 768w\" sizes=\"auto, (max-width: 1110px) 100vw, 1110px\" \/><\/p>\n","protected":false},"excerpt":{"rendered":"<p>(29-Abril-2026).- Estados Unidos presenta una acusaci\u00f3n formal contra el gobernador de Sinaloa, Rub\u00e9n Rocha Moya,&#8230;<\/p>\n","protected":false},"author":1,"featured_media":210686,"comment_status":"closed","ping_status":"closed","sticky":false,"template":"","format":"standard","meta":{"footnotes":"","jetpack_publicize_message":"","jetpack_publicize_feature_enabled":true,"jetpack_social_post_already_shared":true,"jetpack_social_options":{"image_generator_settings":{"template":"highway","default_image_id":0,"font":"","enabled":false},"version":2}},"categories":[11],"tags":[],"class_list":["post-210685","post","type-post","status-publish","format-standard","has-post-thumbnail","hentry","category-nacional"],"jetpack_publicize_connections":[],"_links":{"self":[{"href":"https:\/\/www.buroperiodistico.com.mx\/index.php?rest_route=\/wp\/v2\/posts\/210685","targetHints":{"allow":["GET"]}}],"collection":[{"href":"https:\/\/www.buroperiodistico.com.mx\/index.php?rest_route=\/wp\/v2\/posts"}],"about":[{"href":"https:\/\/www.buroperiodistico.com.mx\/index.php?rest_route=\/wp\/v2\/types\/post"}],"author":[{"embeddable":true,"href":"https:\/\/www.buroperiodistico.com.mx\/index.php?rest_route=\/wp\/v2\/users\/1"}],"replies":[{"embeddable":true,"href":"https:\/\/www.buroperiodistico.com.mx\/index.php?rest_route=%2Fwp%2Fv2%2Fcomments&post=210685"}],"version-history":[{"count":1,"href":"https:\/\/www.buroperiodistico.com.mx\/index.php?rest_route=\/wp\/v2\/posts\/210685\/revisions"}],"predecessor-version":[{"id":210687,"href":"https:\/\/www.buroperiodistico.com.mx\/index.php?rest_route=\/wp\/v2\/posts\/210685\/revisions\/210687"}],"wp:featuredmedia":[{"embeddable":true,"href":"https:\/\/www.buroperiodistico.com.mx\/index.php?rest_route=\/wp\/v2\/media\/210686"}],"wp:attachment":[{"href":"https:\/\/www.buroperiodistico.com.mx\/index.php?rest_route=%2Fwp%2Fv2%2Fmedia&parent=210685"}],"wp:term":[{"taxonomy":"category","embeddable":true,"href":"https:\/\/www.buroperiodistico.com.mx\/index.php?rest_route=%2Fwp%2Fv2%2Fcategories&post=210685"},{"taxonomy":"post_tag","embeddable":true,"href":"https:\/\/www.buroperiodistico.com.mx\/index.php?rest_route=%2Fwp%2Fv2%2Ftags&post=210685"}],"curies":[{"name":"wp","href":"https:\/\/api.w.org\/{rel}","templated":true}]}}