{"id":210678,"date":"2026-04-29T14:34:38","date_gmt":"2026-04-29T19:34:38","guid":{"rendered":"https:\/\/www.buroperiodistico.com.mx\/?p=210678"},"modified":"2026-04-29T14:34:38","modified_gmt":"2026-04-29T19:34:38","slug":"seleccionados-de-reynosa-jugaran-la-final-de-futbol-de-la-olimpiada-nacional-conade","status":"publish","type":"post","link":"https:\/\/www.buroperiodistico.com.mx\/?p=210678","title":{"rendered":"Seleccionados de Reynosa jugar\u00e1n la final de f\u00fatbol de la Olimpiada Nacional CONADE"},"content":{"rendered":"<p><em><strong><img loading=\"lazy\" decoding=\"async\" class=\" wp-image-210679 alignright\" src=\"https:\/\/www.buroperiodistico.com.mx\/wp-content\/uploads\/2026\/04\/Conax-1.jpeg\" alt=\"\" width=\"480\" height=\"305\" srcset=\"https:\/\/www.buroperiodistico.com.mx\/wp-content\/uploads\/2026\/04\/Conax-1.jpeg 1024w, https:\/\/www.buroperiodistico.com.mx\/wp-content\/uploads\/2026\/04\/Conax-1-300x191.jpeg 300w, https:\/\/www.buroperiodistico.com.mx\/wp-content\/uploads\/2026\/04\/Conax-1-768x488.jpeg 768w\" sizes=\"auto, (max-width: 480px) 100vw, 480px\" \/>Reynosa, Tam (29-Abril-2026).-<\/strong><\/em> El Alcalde Carlos Pe\u00f1a Ortiz felicit\u00f3 a los seleccionados reynosenses de f\u00fatbol, quienes forman la base de la Selecci\u00f3n de Tamaulipas categor\u00eda U15, por lograr su pase a la final de la Olimpiada Nacional CONADE.<\/p>\n<p>El encuentro decisivo se disputar\u00e1 en la Ciudad de M\u00e9xico en fecha por defenir, en el emblem\u00e1tico Estadio de Ciudad Universitaria, donde las y los j\u00f3venes buscar\u00e1n coronarse campeones nacionales, poniendo en alto el nombre de Reynosa y del estado.<\/p>\n<p>El Instituto Municipal del Deporte brind\u00f3 su respaldo mediante la preparaci\u00f3n de los atletas, as\u00ed como el acompa\u00f1amiento de entrenadores capacitados, fundamentales en este importante logro deportivo.<\/p>\n<p>#Reynosaimparable<\/p>\n","protected":false},"excerpt":{"rendered":"<p>Reynosa, Tam (29-Abril-2026).- El Alcalde Carlos Pe\u00f1a Ortiz felicit\u00f3 a los seleccionados reynosenses de f\u00fatbol,&#8230;<\/p>\n","protected":false},"author":1,"featured_media":210679,"comment_status":"closed","ping_status":"closed","sticky":false,"template":"","format":"standard","meta":{"footnotes":"","jetpack_publicize_message":"","jetpack_publicize_feature_enabled":true,"jetpack_social_post_already_shared":true,"jetpack_social_options":{"image_generator_settings":{"template":"highway","default_image_id":0,"font":"","enabled":false},"version":2}},"categories":[9],"tags":[],"class_list":["post-210678","post","type-post","status-publish","format-standard","has-post-thumbnail","hentry","category-reynosa"],"jetpack_publicize_connections":[],"_links":{"self":[{"href":"https:\/\/www.buroperiodistico.com.mx\/index.php?rest_route=\/wp\/v2\/posts\/210678","targetHints":{"allow":["GET"]}}],"collection":[{"href":"https:\/\/www.buroperiodistico.com.mx\/index.php?rest_route=\/wp\/v2\/posts"}],"about":[{"href":"https:\/\/www.buroperiodistico.com.mx\/index.php?rest_route=\/wp\/v2\/types\/post"}],"author":[{"embeddable":true,"href":"https:\/\/www.buroperiodistico.com.mx\/index.php?rest_route=\/wp\/v2\/users\/1"}],"replies":[{"embeddable":true,"href":"https:\/\/www.buroperiodistico.com.mx\/index.php?rest_route=%2Fwp%2Fv2%2Fcomments&post=210678"}],"version-history":[{"count":1,"href":"https:\/\/www.buroperiodistico.com.mx\/index.php?rest_route=\/wp\/v2\/posts\/210678\/revisions"}],"predecessor-version":[{"id":210680,"href":"https:\/\/www.buroperiodistico.com.mx\/index.php?rest_route=\/wp\/v2\/posts\/210678\/revisions\/210680"}],"wp:featuredmedia":[{"embeddable":true,"href":"https:\/\/www.buroperiodistico.com.mx\/index.php?rest_route=\/wp\/v2\/media\/210679"}],"wp:attachment":[{"href":"https:\/\/www.buroperiodistico.com.mx\/index.php?rest_route=%2Fwp%2Fv2%2Fmedia&parent=210678"}],"wp:term":[{"taxonomy":"category","embeddable":true,"href":"https:\/\/www.buroperiodistico.com.mx\/index.php?rest_route=%2Fwp%2Fv2%2Fcategories&post=210678"},{"taxonomy":"post_tag","embeddable":true,"href":"https:\/\/www.buroperiodistico.com.mx\/index.php?rest_route=%2Fwp%2Fv2%2Ftags&post=210678"}],"curies":[{"name":"wp","href":"https:\/\/api.w.org\/{rel}","templated":true}]}}