{"id":210668,"date":"2026-04-29T14:20:18","date_gmt":"2026-04-29T19:20:18","guid":{"rendered":"https:\/\/www.buroperiodistico.com.mx\/?p=210668"},"modified":"2026-04-29T14:20:18","modified_gmt":"2026-04-29T19:20:18","slug":"mas-y-mejores-espacios-para-aprender-gobernador-entrego-obras-en-escuela-de-ciudad-victoria","status":"publish","type":"post","link":"https:\/\/www.buroperiodistico.com.mx\/?p=210668","title":{"rendered":"M\u00e1s y mejores espacios para aprender: gobernador entreg\u00f3 obras en escuela de Ciudad Victoria"},"content":{"rendered":"<p><em><strong><img loading=\"lazy\" decoding=\"async\" class=\" wp-image-210672 alignright\" src=\"https:\/\/www.buroperiodistico.com.mx\/wp-content\/uploads\/2026\/04\/ITIVictoria.jpeg\" alt=\"\" width=\"481\" height=\"320\" srcset=\"https:\/\/www.buroperiodistico.com.mx\/wp-content\/uploads\/2026\/04\/ITIVictoria.jpeg 1024w, https:\/\/www.buroperiodistico.com.mx\/wp-content\/uploads\/2026\/04\/ITIVictoria-300x200.jpeg 300w, https:\/\/www.buroperiodistico.com.mx\/wp-content\/uploads\/2026\/04\/ITIVictoria-768x512.jpeg 768w\" sizes=\"auto, (max-width: 481px) 100vw, 481px\" \/>Ciudad Victoria, Tamaulipas (29-Abril-2026).-<\/strong><\/em> El gobernador Am\u00e9rico Villarreal Anaya encabez\u00f3 durante la ceremonia de honores a la bandera, la entrega de obras de infraestructura en la Escuela Primaria \u201cRep\u00fablica de M\u00e9xico\u201d, ubicada en la colonia San Marcos II, con el objetivo de fortalecer los espacios educativos y mejorar las condiciones de aprendizaje.<\/p>\n<p>El director general del Instituto Tamaulipeco de Infraestructura F\u00edsica Educativa (ITIFE), Sergio Oliverio Castillo Sag\u00e1stegui, inform\u00f3 que las obras entregadas consistieron en la construcci\u00f3n de un m\u00f3dulo de ba\u00f1os, una cancha deportiva, la conclusi\u00f3n de un aula, pintura general y la edificaci\u00f3n de un muro de protecci\u00f3n.<\/p>\n<p>Por su parte, el secretario de Educaci\u00f3n de Tamaulipas, Miguel \u00c1ngel Valdez Garc\u00eda, destac\u00f3 que estas acciones forman parte de una inversi\u00f3n cercana a los cuatro millones de pesos, resultado del trabajo coordinado entre el ITIFE y la Secretar\u00eda de Obras P\u00fablicas.<\/p>\n<p>Castillo Sag\u00e1stegui subray\u00f3 que estas obras se realizaron en coordinaci\u00f3n con la Secretar\u00eda de Educaci\u00f3n y la Secretar\u00eda de Obras P\u00fablicas, con el prop\u00f3sito de fortalecer la infraestructura escolar y garantizar entornos dignos para la comunidad educativa.<\/p>\n<p>Por \u00faltimo, se\u00f1al\u00f3 que con estas acciones, el Gobierno del Estado reafirma su compromiso con el mejoramiento de la infraestructura educativa, en beneficio de las ni\u00f1as, ni\u00f1os y docentes de Tamaulipas.<\/p>\n<p><img loading=\"lazy\" decoding=\"async\" class=\"aligncenter size-full wp-image-210669\" src=\"https:\/\/www.buroperiodistico.com.mx\/wp-content\/uploads\/2026\/04\/ITIVictoria-I.jpeg\" alt=\"\" width=\"640\" height=\"396\" srcset=\"https:\/\/www.buroperiodistico.com.mx\/wp-content\/uploads\/2026\/04\/ITIVictoria-I.jpeg 640w, https:\/\/www.buroperiodistico.com.mx\/wp-content\/uploads\/2026\/04\/ITIVictoria-I-300x186.jpeg 300w\" sizes=\"auto, (max-width: 640px) 100vw, 640px\" \/> <img loading=\"lazy\" decoding=\"async\" class=\"aligncenter size-full wp-image-210671\" src=\"https:\/\/www.buroperiodistico.com.mx\/wp-content\/uploads\/2026\/04\/ITIVictoria-III.jpeg\" alt=\"\" width=\"640\" height=\"426\" srcset=\"https:\/\/www.buroperiodistico.com.mx\/wp-content\/uploads\/2026\/04\/ITIVictoria-III.jpeg 640w, https:\/\/www.buroperiodistico.com.mx\/wp-content\/uploads\/2026\/04\/ITIVictoria-III-300x200.jpeg 300w\" sizes=\"auto, (max-width: 640px) 100vw, 640px\" \/> <img loading=\"lazy\" decoding=\"async\" class=\"aligncenter size-full wp-image-210670\" src=\"https:\/\/www.buroperiodistico.com.mx\/wp-content\/uploads\/2026\/04\/ITIVictoria-II.jpeg\" alt=\"\" width=\"584\" height=\"480\" srcset=\"https:\/\/www.buroperiodistico.com.mx\/wp-content\/uploads\/2026\/04\/ITIVictoria-II.jpeg 584w, https:\/\/www.buroperiodistico.com.mx\/wp-content\/uploads\/2026\/04\/ITIVictoria-II-300x247.jpeg 300w\" sizes=\"auto, (max-width: 584px) 100vw, 584px\" \/><\/p>\n","protected":false},"excerpt":{"rendered":"<p>Ciudad Victoria, Tamaulipas (29-Abril-2026).- El gobernador Am\u00e9rico Villarreal Anaya encabez\u00f3 durante la ceremonia de honores&#8230;<\/p>\n","protected":false},"author":1,"featured_media":210672,"comment_status":"closed","ping_status":"closed","sticky":false,"template":"","format":"standard","meta":{"footnotes":"","jetpack_publicize_message":"","jetpack_publicize_feature_enabled":true,"jetpack_social_post_already_shared":true,"jetpack_social_options":{"image_generator_settings":{"template":"highway","default_image_id":0,"font":"","enabled":false},"version":2}},"categories":[10],"tags":[],"class_list":["post-210668","post","type-post","status-publish","format-standard","has-post-thumbnail","hentry","category-tamaulipas"],"jetpack_publicize_connections":[],"_links":{"self":[{"href":"https:\/\/www.buroperiodistico.com.mx\/index.php?rest_route=\/wp\/v2\/posts\/210668","targetHints":{"allow":["GET"]}}],"collection":[{"href":"https:\/\/www.buroperiodistico.com.mx\/index.php?rest_route=\/wp\/v2\/posts"}],"about":[{"href":"https:\/\/www.buroperiodistico.com.mx\/index.php?rest_route=\/wp\/v2\/types\/post"}],"author":[{"embeddable":true,"href":"https:\/\/www.buroperiodistico.com.mx\/index.php?rest_route=\/wp\/v2\/users\/1"}],"replies":[{"embeddable":true,"href":"https:\/\/www.buroperiodistico.com.mx\/index.php?rest_route=%2Fwp%2Fv2%2Fcomments&post=210668"}],"version-history":[{"count":2,"href":"https:\/\/www.buroperiodistico.com.mx\/index.php?rest_route=\/wp\/v2\/posts\/210668\/revisions"}],"predecessor-version":[{"id":210674,"href":"https:\/\/www.buroperiodistico.com.mx\/index.php?rest_route=\/wp\/v2\/posts\/210668\/revisions\/210674"}],"wp:featuredmedia":[{"embeddable":true,"href":"https:\/\/www.buroperiodistico.com.mx\/index.php?rest_route=\/wp\/v2\/media\/210672"}],"wp:attachment":[{"href":"https:\/\/www.buroperiodistico.com.mx\/index.php?rest_route=%2Fwp%2Fv2%2Fmedia&parent=210668"}],"wp:term":[{"taxonomy":"category","embeddable":true,"href":"https:\/\/www.buroperiodistico.com.mx\/index.php?rest_route=%2Fwp%2Fv2%2Fcategories&post=210668"},{"taxonomy":"post_tag","embeddable":true,"href":"https:\/\/www.buroperiodistico.com.mx\/index.php?rest_route=%2Fwp%2Fv2%2Ftags&post=210668"}],"curies":[{"name":"wp","href":"https:\/\/api.w.org\/{rel}","templated":true}]}}