{"id":210662,"date":"2026-04-29T14:11:42","date_gmt":"2026-04-29T19:11:42","guid":{"rendered":"https:\/\/www.buroperiodistico.com.mx\/?p=210662"},"modified":"2026-04-29T14:11:42","modified_gmt":"2026-04-29T19:11:42","slug":"ceav-tamaulipas-impulsa-el-vinculo-academico-institucional-con-estudiantes-de-la-uat","status":"publish","type":"post","link":"https:\/\/www.buroperiodistico.com.mx\/?p=210662","title":{"rendered":"CEAV Tamaulipas impulsa el v\u00ednculo acad\u00e9mico-institucional con estudiantes de la UAT"},"content":{"rendered":"<p><em><strong><img loading=\"lazy\" decoding=\"async\" class=\" wp-image-210666 alignright\" src=\"https:\/\/www.buroperiodistico.com.mx\/wp-content\/uploads\/2026\/04\/CAVUAT.jpeg\" alt=\"\" width=\"498\" height=\"292\" srcset=\"https:\/\/www.buroperiodistico.com.mx\/wp-content\/uploads\/2026\/04\/CAVUAT.jpeg 1024w, https:\/\/www.buroperiodistico.com.mx\/wp-content\/uploads\/2026\/04\/CAVUAT-300x176.jpeg 300w, https:\/\/www.buroperiodistico.com.mx\/wp-content\/uploads\/2026\/04\/CAVUAT-768x451.jpeg 768w\" sizes=\"auto, (max-width: 498px) 100vw, 498px\" \/>Ciudad Victoria, Tamaulipas (29-Abril-2026).-<\/strong><\/em> La Comisi\u00f3n Estatal de Atenci\u00f3n a V\u00edctimas (CEAV) de Tamaulipas recibi\u00f3 a estudiantes de la Licenciatura en Derecho de la Universidad Aut\u00f3noma de Tamaulipas, quienes realizaron una visita institucional con el prop\u00f3sito de conocer de manera directa los procesos, funciones y lineamientos que rigen la atenci\u00f3n a personas usuarias de este organismo.<\/p>\n<p>Durante el recorrido, las y los alumnos estuvieron acompa\u00f1ados por Jovana Alejandra Maldonado Jim\u00e9nez, responsable de la Unidad de Seguro Facultativo FDCSV, fortaleciendo as\u00ed el v\u00ednculo entre la formaci\u00f3n acad\u00e9mica y la pr\u00e1ctica institucional.<\/p>\n<p>Las y los estudiantes fueron recibidos por la directora general de la CEAV Tamaulipas, Lorena Perales Salinas, as\u00ed como por el equipo directivo de la Comisi\u00f3n, quienes compartieron informaci\u00f3n sobre las acciones orientadas a brindar atenci\u00f3n, protecci\u00f3n y acompa\u00f1amiento integral a las v\u00edctimas, en concordancia con la visi\u00f3n humanista del gobierno encabezado por el gobernador Am\u00e9rico Villarreal Anaya.<\/p>\n<p>Durante su intervenci\u00f3n, la titular de la Comisi\u00f3n destac\u00f3 que la apertura de estos espacios de di\u00e1logo y aprendizaje permite acercar a las y los estudiantes a la realidad del servicio p\u00fablico, fortaleciendo su formaci\u00f3n con un enfoque humanista y de compromiso social.<\/p>\n<p>Asimismo, subray\u00f3 que la CEAV Tamaulipas trabaja de manera permanente para garantizar una atenci\u00f3n digna, integral y con enfoque de derechos, y reconoci\u00f3 la importancia de compartir estas experiencias con quienes ser\u00e1n las y los futuros profesionales del derecho.<\/p>\n<p>Con estas acciones, la Comisi\u00f3n Estatal de Atenci\u00f3n a V\u00edctimas reafirma su compromiso con la formaci\u00f3n acad\u00e9mica, el fortalecimiento institucional y la promoci\u00f3n de una cultura de respeto y garant\u00eda de los derechos humanos.<\/p>\n<p><img loading=\"lazy\" decoding=\"async\" class=\"aligncenter size-full wp-image-210663\" src=\"https:\/\/www.buroperiodistico.com.mx\/wp-content\/uploads\/2026\/04\/CAVUAT-I.jpeg\" alt=\"\" width=\"640\" height=\"426\" srcset=\"https:\/\/www.buroperiodistico.com.mx\/wp-content\/uploads\/2026\/04\/CAVUAT-I.jpeg 640w, https:\/\/www.buroperiodistico.com.mx\/wp-content\/uploads\/2026\/04\/CAVUAT-I-300x200.jpeg 300w\" sizes=\"auto, (max-width: 640px) 100vw, 640px\" \/> <img loading=\"lazy\" decoding=\"async\" class=\"aligncenter size-full wp-image-210665\" src=\"https:\/\/www.buroperiodistico.com.mx\/wp-content\/uploads\/2026\/04\/CAVUAT-III.jpeg\" alt=\"\" width=\"640\" height=\"426\" srcset=\"https:\/\/www.buroperiodistico.com.mx\/wp-content\/uploads\/2026\/04\/CAVUAT-III.jpeg 640w, https:\/\/www.buroperiodistico.com.mx\/wp-content\/uploads\/2026\/04\/CAVUAT-III-300x200.jpeg 300w\" sizes=\"auto, (max-width: 640px) 100vw, 640px\" \/> <img loading=\"lazy\" decoding=\"async\" class=\"aligncenter size-full wp-image-210664\" src=\"https:\/\/www.buroperiodistico.com.mx\/wp-content\/uploads\/2026\/04\/CAVUAT-II.jpeg\" alt=\"\" width=\"640\" height=\"426\" srcset=\"https:\/\/www.buroperiodistico.com.mx\/wp-content\/uploads\/2026\/04\/CAVUAT-II.jpeg 640w, https:\/\/www.buroperiodistico.com.mx\/wp-content\/uploads\/2026\/04\/CAVUAT-II-300x200.jpeg 300w\" sizes=\"auto, (max-width: 640px) 100vw, 640px\" \/><\/p>\n","protected":false},"excerpt":{"rendered":"<p>Ciudad Victoria, Tamaulipas (29-Abril-2026).- La Comisi\u00f3n Estatal de Atenci\u00f3n a V\u00edctimas (CEAV) de Tamaulipas recibi\u00f3&#8230;<\/p>\n","protected":false},"author":1,"featured_media":210666,"comment_status":"closed","ping_status":"closed","sticky":false,"template":"","format":"standard","meta":{"footnotes":"","jetpack_publicize_message":"","jetpack_publicize_feature_enabled":true,"jetpack_social_post_already_shared":true,"jetpack_social_options":{"image_generator_settings":{"template":"highway","default_image_id":0,"font":"","enabled":false},"version":2}},"categories":[10],"tags":[],"class_list":["post-210662","post","type-post","status-publish","format-standard","has-post-thumbnail","hentry","category-tamaulipas"],"jetpack_publicize_connections":[],"_links":{"self":[{"href":"https:\/\/www.buroperiodistico.com.mx\/index.php?rest_route=\/wp\/v2\/posts\/210662","targetHints":{"allow":["GET"]}}],"collection":[{"href":"https:\/\/www.buroperiodistico.com.mx\/index.php?rest_route=\/wp\/v2\/posts"}],"about":[{"href":"https:\/\/www.buroperiodistico.com.mx\/index.php?rest_route=\/wp\/v2\/types\/post"}],"author":[{"embeddable":true,"href":"https:\/\/www.buroperiodistico.com.mx\/index.php?rest_route=\/wp\/v2\/users\/1"}],"replies":[{"embeddable":true,"href":"https:\/\/www.buroperiodistico.com.mx\/index.php?rest_route=%2Fwp%2Fv2%2Fcomments&post=210662"}],"version-history":[{"count":1,"href":"https:\/\/www.buroperiodistico.com.mx\/index.php?rest_route=\/wp\/v2\/posts\/210662\/revisions"}],"predecessor-version":[{"id":210667,"href":"https:\/\/www.buroperiodistico.com.mx\/index.php?rest_route=\/wp\/v2\/posts\/210662\/revisions\/210667"}],"wp:featuredmedia":[{"embeddable":true,"href":"https:\/\/www.buroperiodistico.com.mx\/index.php?rest_route=\/wp\/v2\/media\/210666"}],"wp:attachment":[{"href":"https:\/\/www.buroperiodistico.com.mx\/index.php?rest_route=%2Fwp%2Fv2%2Fmedia&parent=210662"}],"wp:term":[{"taxonomy":"category","embeddable":true,"href":"https:\/\/www.buroperiodistico.com.mx\/index.php?rest_route=%2Fwp%2Fv2%2Fcategories&post=210662"},{"taxonomy":"post_tag","embeddable":true,"href":"https:\/\/www.buroperiodistico.com.mx\/index.php?rest_route=%2Fwp%2Fv2%2Ftags&post=210662"}],"curies":[{"name":"wp","href":"https:\/\/api.w.org\/{rel}","templated":true}]}}