{"id":210655,"date":"2026-04-29T14:05:59","date_gmt":"2026-04-29T19:05:59","guid":{"rendered":"https:\/\/www.buroperiodistico.com.mx\/?p=210655"},"modified":"2026-04-29T14:05:59","modified_gmt":"2026-04-29T19:05:59","slug":"invita-dif-tamaulipas-a-campana-de-mastografia-ibreastexam-y-papanicolaou","status":"publish","type":"post","link":"https:\/\/www.buroperiodistico.com.mx\/?p=210655","title":{"rendered":"Invita DIF Tamaulipas a campa\u00f1a de mastograf\u00eda, iBreastExam y papanicolaou"},"content":{"rendered":"<p><em><strong><img loading=\"lazy\" decoding=\"async\" class=\" wp-image-210660 alignright\" src=\"https:\/\/www.buroperiodistico.com.mx\/wp-content\/uploads\/2026\/04\/DIFpapanicolaou.jpeg\" alt=\"\" width=\"467\" height=\"289\" srcset=\"https:\/\/www.buroperiodistico.com.mx\/wp-content\/uploads\/2026\/04\/DIFpapanicolaou.jpeg 1024w, https:\/\/www.buroperiodistico.com.mx\/wp-content\/uploads\/2026\/04\/DIFpapanicolaou-300x186.jpeg 300w, https:\/\/www.buroperiodistico.com.mx\/wp-content\/uploads\/2026\/04\/DIFpapanicolaou-768x476.jpeg 768w\" sizes=\"auto, (max-width: 467px) 100vw, 467px\" \/>Ciudad Victoria, Tamaulipas (29-Abril-2026).-<\/strong><\/em> El Sistema para el Desarrollo Integral de la Familia de Tamaulipas, presidido por la doctora Mar\u00eda de Villarreal, invita a participar en la campa\u00f1a de mastograf\u00eda, iBreastExam y papanicolaou \u201c\u00a1Observa, toca y acciona!\u201d, con el objetivo de fortalecer la prevenci\u00f3n y el cuidado de la salud de las mujeres.<\/p>\n<p>La jornada se llevar\u00e1 a cabo del 4 al 29 de mayo, en un horario de 8:00 a 13:00 horas, en las instalaciones del DIF Tamaulipas, ubicadas en Calzada General Luis Caballero n\u00famero 297, en la colonia Tamat\u00e1n de esta ciudad capital.<\/p>\n<p>El estudio de papanicolaou est\u00e1 dirigido a mujeres mayores de 18 a\u00f1os con vida sexual activa, mientras que las mastograf\u00edas se realizan a mujeres de entre 40 y 69 a\u00f1os de edad.<\/p>\n<p>Para una adecuada realizaci\u00f3n de los estudios, se recomienda acudir con aseo general. En el caso de la mastograf\u00eda, es importante no usar desodorante, talco ni perfume. Para el papanicolaou, se solicita asistir al menos ocho d\u00edas despu\u00e9s de haber concluido el ciclo menstrual y evitar relaciones sexuales durante los tres d\u00edas previos al examen.<\/p>\n<p>Las interesadas deber\u00e1n presentar copia de identificaci\u00f3n oficial (INE), CURP y comprobante de domicilio. Para mayores informes o para agendar una cita, pueden acudir directamente a las oficinas del DIF Tamaulipas o comunicarse al tel\u00e9fono 834-318-14-00, extensi\u00f3n 58752.<\/p>\n<p>Con acciones como esta, los Mensajeros de Paz reafirman su compromiso con la salud integral de las mujeres tamaulipecas, acercando servicios gratuitos que contribuyen a la detecci\u00f3n oportuna y al bienestar de quienes son pilar fundamental de las familias.<\/p>\n<p><img loading=\"lazy\" decoding=\"async\" class=\"aligncenter size-full wp-image-210656\" src=\"https:\/\/www.buroperiodistico.com.mx\/wp-content\/uploads\/2026\/04\/DIFpapanicolaou-I.jpeg\" alt=\"\" width=\"640\" height=\"426\" srcset=\"https:\/\/www.buroperiodistico.com.mx\/wp-content\/uploads\/2026\/04\/DIFpapanicolaou-I.jpeg 640w, https:\/\/www.buroperiodistico.com.mx\/wp-content\/uploads\/2026\/04\/DIFpapanicolaou-I-300x200.jpeg 300w\" sizes=\"auto, (max-width: 640px) 100vw, 640px\" \/> <img loading=\"lazy\" decoding=\"async\" class=\"aligncenter size-full wp-image-210658\" src=\"https:\/\/www.buroperiodistico.com.mx\/wp-content\/uploads\/2026\/04\/DIFpapanicolaou-III.jpeg\" alt=\"\" width=\"640\" height=\"400\" srcset=\"https:\/\/www.buroperiodistico.com.mx\/wp-content\/uploads\/2026\/04\/DIFpapanicolaou-III.jpeg 640w, https:\/\/www.buroperiodistico.com.mx\/wp-content\/uploads\/2026\/04\/DIFpapanicolaou-III-300x188.jpeg 300w\" sizes=\"auto, (max-width: 640px) 100vw, 640px\" \/> <img loading=\"lazy\" decoding=\"async\" class=\"aligncenter size-full wp-image-210657\" src=\"https:\/\/www.buroperiodistico.com.mx\/wp-content\/uploads\/2026\/04\/DIFpapanicolaou-II.jpeg\" alt=\"\" width=\"640\" height=\"426\" srcset=\"https:\/\/www.buroperiodistico.com.mx\/wp-content\/uploads\/2026\/04\/DIFpapanicolaou-II.jpeg 640w, https:\/\/www.buroperiodistico.com.mx\/wp-content\/uploads\/2026\/04\/DIFpapanicolaou-II-300x200.jpeg 300w\" sizes=\"auto, (max-width: 640px) 100vw, 640px\" \/> <img loading=\"lazy\" decoding=\"async\" class=\"aligncenter size-full wp-image-210659\" src=\"https:\/\/www.buroperiodistico.com.mx\/wp-content\/uploads\/2026\/04\/DIFpapanicolaou-IIII.jpeg\" alt=\"\" width=\"640\" height=\"426\" srcset=\"https:\/\/www.buroperiodistico.com.mx\/wp-content\/uploads\/2026\/04\/DIFpapanicolaou-IIII.jpeg 640w, https:\/\/www.buroperiodistico.com.mx\/wp-content\/uploads\/2026\/04\/DIFpapanicolaou-IIII-300x200.jpeg 300w\" sizes=\"auto, (max-width: 640px) 100vw, 640px\" \/><\/p>\n","protected":false},"excerpt":{"rendered":"<p>Ciudad Victoria, Tamaulipas (29-Abril-2026).- El Sistema para el Desarrollo Integral de la Familia de Tamaulipas,&#8230;<\/p>\n","protected":false},"author":1,"featured_media":210660,"comment_status":"closed","ping_status":"closed","sticky":false,"template":"","format":"standard","meta":{"footnotes":"","jetpack_publicize_message":"","jetpack_publicize_feature_enabled":true,"jetpack_social_post_already_shared":true,"jetpack_social_options":{"image_generator_settings":{"template":"highway","default_image_id":0,"font":"","enabled":false},"version":2}},"categories":[10],"tags":[],"class_list":["post-210655","post","type-post","status-publish","format-standard","has-post-thumbnail","hentry","category-tamaulipas"],"jetpack_publicize_connections":[],"_links":{"self":[{"href":"https:\/\/www.buroperiodistico.com.mx\/index.php?rest_route=\/wp\/v2\/posts\/210655","targetHints":{"allow":["GET"]}}],"collection":[{"href":"https:\/\/www.buroperiodistico.com.mx\/index.php?rest_route=\/wp\/v2\/posts"}],"about":[{"href":"https:\/\/www.buroperiodistico.com.mx\/index.php?rest_route=\/wp\/v2\/types\/post"}],"author":[{"embeddable":true,"href":"https:\/\/www.buroperiodistico.com.mx\/index.php?rest_route=\/wp\/v2\/users\/1"}],"replies":[{"embeddable":true,"href":"https:\/\/www.buroperiodistico.com.mx\/index.php?rest_route=%2Fwp%2Fv2%2Fcomments&post=210655"}],"version-history":[{"count":1,"href":"https:\/\/www.buroperiodistico.com.mx\/index.php?rest_route=\/wp\/v2\/posts\/210655\/revisions"}],"predecessor-version":[{"id":210661,"href":"https:\/\/www.buroperiodistico.com.mx\/index.php?rest_route=\/wp\/v2\/posts\/210655\/revisions\/210661"}],"wp:featuredmedia":[{"embeddable":true,"href":"https:\/\/www.buroperiodistico.com.mx\/index.php?rest_route=\/wp\/v2\/media\/210660"}],"wp:attachment":[{"href":"https:\/\/www.buroperiodistico.com.mx\/index.php?rest_route=%2Fwp%2Fv2%2Fmedia&parent=210655"}],"wp:term":[{"taxonomy":"category","embeddable":true,"href":"https:\/\/www.buroperiodistico.com.mx\/index.php?rest_route=%2Fwp%2Fv2%2Fcategories&post=210655"},{"taxonomy":"post_tag","embeddable":true,"href":"https:\/\/www.buroperiodistico.com.mx\/index.php?rest_route=%2Fwp%2Fv2%2Ftags&post=210655"}],"curies":[{"name":"wp","href":"https:\/\/api.w.org\/{rel}","templated":true}]}}