{"id":210652,"date":"2026-04-29T13:47:04","date_gmt":"2026-04-29T18:47:04","guid":{"rendered":"https:\/\/www.buroperiodistico.com.mx\/?p=210652"},"modified":"2026-04-29T13:47:04","modified_gmt":"2026-04-29T18:47:04","slug":"festejara-gobierno-de-carlos-pena-ortiz-el-dia-de-las-madres-2026-con-pandora-40-anos","status":"publish","type":"post","link":"https:\/\/www.buroperiodistico.com.mx\/?p=210652","title":{"rendered":"Festejar\u00e1 Gobierno de Carlos Pe\u00f1a Ortiz el \u00abD\u00eda de las Madres 2026\u00bb con Pandora 40 A\u00f1os"},"content":{"rendered":"<p><em><strong>Reynosa, Tam (29-Abril-2026).-<\/strong><\/em> Como un reconocimiento a su amor, esfuerzo y entrega por sus familias y por nuestra ciudad, las Madres reynosenses ser\u00e1n festejadas por el Presidente Carlos Pe\u00f1a Ortiz, a trav\u00e9s del Gobierno Municipal para celebrar en grande su d\u00eda con el espectacular concierto: \u00abPandora, 40 A\u00f1os\u00bb.<\/p>\n<p>El D\u00eda de las Madres 2026, es un evento gratuito para todas las Mam\u00e1s y se realizar\u00e1 el s\u00e1bado 10 de Mayo a las 6:00 P. M., el el estadio de futbol del Polideportivo.<\/p>\n<p>\u00abLas madres son el coraz\u00f3n de Reynosa. Su trabajo diario construye hogares fuertes y una ciudad m\u00e1s humana. Por eso queremos festejarlas como se merecen: con m\u00fasica, alegr\u00eda y un concierto inolvidable. Las esperamos para agradecerles todo lo que hacen por nosotros\u00bb: Carlos Pe\u00f1a Ortiz.<\/p>\n<p>#ReynosaImparable<br \/>\n#GobiernoMunicipalDeReynosa<br \/>\n#D\u00edaDeLasMadres2026<br \/>\n#Pandora40A\u00f1os<\/p>\n<p><img loading=\"lazy\" decoding=\"async\" class=\"aligncenter  wp-image-210653\" src=\"https:\/\/www.buroperiodistico.com.mx\/wp-content\/uploads\/2026\/04\/Festex-1.jpg\" alt=\"\" width=\"899\" height=\"486\" srcset=\"https:\/\/www.buroperiodistico.com.mx\/wp-content\/uploads\/2026\/04\/Festex-1.jpg 1110w, https:\/\/www.buroperiodistico.com.mx\/wp-content\/uploads\/2026\/04\/Festex-1-300x162.jpg 300w, https:\/\/www.buroperiodistico.com.mx\/wp-content\/uploads\/2026\/04\/Festex-1-1024x554.jpg 1024w, https:\/\/www.buroperiodistico.com.mx\/wp-content\/uploads\/2026\/04\/Festex-1-768x415.jpg 768w\" sizes=\"auto, (max-width: 899px) 100vw, 899px\" \/><\/p>\n","protected":false},"excerpt":{"rendered":"<p>Reynosa, Tam (29-Abril-2026).- Como un reconocimiento a su amor, esfuerzo y entrega por sus familias&#8230;<\/p>\n","protected":false},"author":1,"featured_media":210653,"comment_status":"closed","ping_status":"closed","sticky":false,"template":"","format":"standard","meta":{"footnotes":"","jetpack_publicize_message":"","jetpack_publicize_feature_enabled":true,"jetpack_social_post_already_shared":true,"jetpack_social_options":{"image_generator_settings":{"template":"highway","default_image_id":0,"font":"","enabled":false},"version":2}},"categories":[9],"tags":[],"class_list":["post-210652","post","type-post","status-publish","format-standard","has-post-thumbnail","hentry","category-reynosa"],"jetpack_publicize_connections":[],"_links":{"self":[{"href":"https:\/\/www.buroperiodistico.com.mx\/index.php?rest_route=\/wp\/v2\/posts\/210652","targetHints":{"allow":["GET"]}}],"collection":[{"href":"https:\/\/www.buroperiodistico.com.mx\/index.php?rest_route=\/wp\/v2\/posts"}],"about":[{"href":"https:\/\/www.buroperiodistico.com.mx\/index.php?rest_route=\/wp\/v2\/types\/post"}],"author":[{"embeddable":true,"href":"https:\/\/www.buroperiodistico.com.mx\/index.php?rest_route=\/wp\/v2\/users\/1"}],"replies":[{"embeddable":true,"href":"https:\/\/www.buroperiodistico.com.mx\/index.php?rest_route=%2Fwp%2Fv2%2Fcomments&post=210652"}],"version-history":[{"count":1,"href":"https:\/\/www.buroperiodistico.com.mx\/index.php?rest_route=\/wp\/v2\/posts\/210652\/revisions"}],"predecessor-version":[{"id":210654,"href":"https:\/\/www.buroperiodistico.com.mx\/index.php?rest_route=\/wp\/v2\/posts\/210652\/revisions\/210654"}],"wp:featuredmedia":[{"embeddable":true,"href":"https:\/\/www.buroperiodistico.com.mx\/index.php?rest_route=\/wp\/v2\/media\/210653"}],"wp:attachment":[{"href":"https:\/\/www.buroperiodistico.com.mx\/index.php?rest_route=%2Fwp%2Fv2%2Fmedia&parent=210652"}],"wp:term":[{"taxonomy":"category","embeddable":true,"href":"https:\/\/www.buroperiodistico.com.mx\/index.php?rest_route=%2Fwp%2Fv2%2Fcategories&post=210652"},{"taxonomy":"post_tag","embeddable":true,"href":"https:\/\/www.buroperiodistico.com.mx\/index.php?rest_route=%2Fwp%2Fv2%2Ftags&post=210652"}],"curies":[{"name":"wp","href":"https:\/\/api.w.org\/{rel}","templated":true}]}}