{"id":210639,"date":"2026-04-29T12:12:09","date_gmt":"2026-04-29T17:12:09","guid":{"rendered":"https:\/\/www.buroperiodistico.com.mx\/?p=210639"},"modified":"2026-04-29T12:12:09","modified_gmt":"2026-04-29T17:12:09","slug":"consolida-sesion-del-consejo-estatal-estrategias-para-el-desarrollo-rural-sustentable","status":"publish","type":"post","link":"https:\/\/www.buroperiodistico.com.mx\/?p=210639","title":{"rendered":"Consolida sesi\u00f3n del consejo estatal estrategias para el desarrollo rural sustentable"},"content":{"rendered":"<p><em><strong><img loading=\"lazy\" decoding=\"async\" class=\" wp-image-210644 alignright\" src=\"https:\/\/www.buroperiodistico.com.mx\/wp-content\/uploads\/2026\/04\/SRUsustentable-1.jpeg\" alt=\"\" width=\"470\" height=\"289\" srcset=\"https:\/\/www.buroperiodistico.com.mx\/wp-content\/uploads\/2026\/04\/SRUsustentable-1.jpeg 1024w, https:\/\/www.buroperiodistico.com.mx\/wp-content\/uploads\/2026\/04\/SRUsustentable-1-300x184.jpeg 300w, https:\/\/www.buroperiodistico.com.mx\/wp-content\/uploads\/2026\/04\/SRUsustentable-1-768x472.jpeg 768w\" sizes=\"auto, (max-width: 470px) 100vw, 470px\" \/>Ciudad Victoria, Tamaulipas (29-Abril-2026).-<\/strong><\/em> Con el prop\u00f3sito de informar sobre las acciones implementadas en lo que va del a\u00f1o, la Secretar\u00eda de Desarrollo Rural, Pesca y Acuacultura llev\u00f3 a cabo la Primera Sesi\u00f3n Ordinaria del Consejo Estatal para el Desarrollo Rural Sustentable 2026, reafirmando el compromiso de impulsar la productividad, la innovaci\u00f3n y el bienestar de las familias del campo tamaulipeco.<\/p>\n<p>En la sesi\u00f3n participaron representantes de dependencias estatales y federales, instituciones educativas, consejos distritales y organizaciones de personas productoras, fortaleciendo la coordinaci\u00f3n interinstitucional y la participaci\u00f3n del sector rural.<\/p>\n<p>El secretario de Desarrollo Rural, Pesca y Acuacultura, Antonio Varela Flores, expuso los proyectos estrat\u00e9gicos impulsados por el Gobierno del Estado, encabezado por el gobernador Am\u00e9rico Villarreal Anaya, orientados al fortalecimiento integral del campo.<\/p>\n<p>En el sector agr\u00edcola, destac\u00f3 la operaci\u00f3n de programas como el de fertilizante granulado para c\u00edtricos, con una inversi\u00f3n de 15 millones de pesos en beneficio de m\u00e1s de dos mil productores en siete municipios.<\/p>\n<p>Asimismo, se destinaron 20 millones de pesos para la siembra de cultivos como ma\u00edz, sorgo, cacahuate, avena y frijol. A ello se suma una aportaci\u00f3n federal de 44.2 millones de pesos para la vigilancia epidemiol\u00f3gica de riesgos fitosanitarios, campa\u00f1as fitosanitarias e inocuidad agr\u00edcola.<\/p>\n<p>En el subsector pecuario, se implementan programas como Mejoramiento Gen\u00e9tico, con una inversi\u00f3n de 20 millones de pesos; Desarrollo de Capacidades y Acompa\u00f1amiento T\u00e9cnico, con 13 millones de pesos; as\u00ed como acciones de conservaci\u00f3n y uso eficiente de agua, suelo y vegetaci\u00f3n.<\/p>\n<p>Tambi\u00e9n se ejecutan programas de Barrido de Tuberculosis y control del Gusano Barrenador, con una inversi\u00f3n de 21 millones de pesos, adem\u00e1s de Identificadores SINNIGA, con 1.5 millones de pesos. De manera complementaria, el Gobierno Federal aporta m\u00e1s de 34 millones de pesos para campa\u00f1as zoosanitarias.<\/p>\n<p>En materia forestal, a trav\u00e9s del programa de Desarrollo Forestal Sustentable, se benefici\u00f3 a 2 mil 616 productores con la entrega de 32 mil 539 plantas, adem\u00e1s de implementar acciones de prevenci\u00f3n y combate de incendios, control de plagas y el impulso de 80 proyectos para el manejo y aprovechamiento de recursos forestales.<\/p>\n<p>Respecto al sector acu\u00edcola y pesquero, se destac\u00f3 la operaci\u00f3n de programas como Granjas Acu\u00edcolas, con un presupuesto de 19.61 millones de pesos, y el programa de Inspecci\u00f3n y Vigilancia Pesquera, con una asignaci\u00f3n de 1.88 millones de pesos. Asimismo, mediante el programa Nutrimar Com\u00fan se distribuyeron 162 mil 050 raciones de filete de pescado, beneficiando a 16 mil 205 familias en situaci\u00f3n de vulnerabilidad, adem\u00e1s de acciones en clasificaci\u00f3n de \u00e1reas ostr\u00edcolas y sanidad e inocuidad agroalimentaria.<\/p>\n<p>Por su parte, Rom\u00e1n Rigoberto Garza Infante, titular de la Oficina de Representaci\u00f3n de la SADER en Tamaulipas y secretario t\u00e9cnico del Consejo, inform\u00f3 sobre los programas federales previstos para 2026, entre ellos Fertilizante para el Bienestar, Producci\u00f3n para el Bienestar, Energ\u00eda El\u00e9ctrica para el Campo, Cr\u00e9ditos Cosechando Soberan\u00eda y Ca\u00f1a para el Bienestar, este \u00faltimo con la incorporaci\u00f3n de 2 mil 068 productores del Distrito Mante.<\/p>\n<p>En el pres\u00eddium participaron autoridades del \u00e1mbito legislativo, acad\u00e9mico y productivo, as\u00ed como representantes de distintas dependencias estatales y federales, consolidando un espacio de di\u00e1logo y coordinaci\u00f3n para el desarrollo rural sustentable.<\/p>\n<p>Varela Flors dijo que con estas acciones, el Gobierno de Tamaulipas fortalece la planeaci\u00f3n estrat\u00e9gica del sector rural, promoviendo un desarrollo productivo, sostenible e incluyente en beneficio de las familias del campo.<\/p>\n<p><img loading=\"lazy\" decoding=\"async\" class=\"aligncenter size-full wp-image-210640\" src=\"https:\/\/www.buroperiodistico.com.mx\/wp-content\/uploads\/2026\/04\/SRUsustentable-I-1.jpeg\" alt=\"\" width=\"640\" height=\"426\" srcset=\"https:\/\/www.buroperiodistico.com.mx\/wp-content\/uploads\/2026\/04\/SRUsustentable-I-1.jpeg 640w, https:\/\/www.buroperiodistico.com.mx\/wp-content\/uploads\/2026\/04\/SRUsustentable-I-1-300x200.jpeg 300w\" sizes=\"auto, (max-width: 640px) 100vw, 640px\" \/> <img loading=\"lazy\" decoding=\"async\" class=\"aligncenter size-full wp-image-210643\" src=\"https:\/\/www.buroperiodistico.com.mx\/wp-content\/uploads\/2026\/04\/SRUsustentable-IIII.jpeg\" alt=\"\" width=\"640\" height=\"426\" srcset=\"https:\/\/www.buroperiodistico.com.mx\/wp-content\/uploads\/2026\/04\/SRUsustentable-IIII.jpeg 640w, https:\/\/www.buroperiodistico.com.mx\/wp-content\/uploads\/2026\/04\/SRUsustentable-IIII-300x200.jpeg 300w\" sizes=\"auto, (max-width: 640px) 100vw, 640px\" \/> <img loading=\"lazy\" decoding=\"async\" class=\"aligncenter size-full wp-image-210642\" src=\"https:\/\/www.buroperiodistico.com.mx\/wp-content\/uploads\/2026\/04\/SRUsustentable-III.jpeg\" alt=\"\" width=\"640\" height=\"427\" srcset=\"https:\/\/www.buroperiodistico.com.mx\/wp-content\/uploads\/2026\/04\/SRUsustentable-III.jpeg 640w, https:\/\/www.buroperiodistico.com.mx\/wp-content\/uploads\/2026\/04\/SRUsustentable-III-300x200.jpeg 300w\" sizes=\"auto, (max-width: 640px) 100vw, 640px\" \/> <img loading=\"lazy\" decoding=\"async\" class=\"aligncenter size-full wp-image-210641\" src=\"https:\/\/www.buroperiodistico.com.mx\/wp-content\/uploads\/2026\/04\/SRUsustentable-II.jpeg\" alt=\"\" width=\"640\" height=\"427\" srcset=\"https:\/\/www.buroperiodistico.com.mx\/wp-content\/uploads\/2026\/04\/SRUsustentable-II.jpeg 640w, https:\/\/www.buroperiodistico.com.mx\/wp-content\/uploads\/2026\/04\/SRUsustentable-II-300x200.jpeg 300w\" sizes=\"auto, (max-width: 640px) 100vw, 640px\" \/><\/p>\n","protected":false},"excerpt":{"rendered":"<p>Ciudad Victoria, Tamaulipas (29-Abril-2026).- Con el prop\u00f3sito de informar sobre las acciones implementadas en lo&#8230;<\/p>\n","protected":false},"author":1,"featured_media":210644,"comment_status":"closed","ping_status":"closed","sticky":false,"template":"","format":"standard","meta":{"footnotes":"","jetpack_publicize_message":"","jetpack_publicize_feature_enabled":true,"jetpack_social_post_already_shared":true,"jetpack_social_options":{"image_generator_settings":{"template":"highway","default_image_id":0,"font":"","enabled":false},"version":2}},"categories":[10],"tags":[],"class_list":["post-210639","post","type-post","status-publish","format-standard","has-post-thumbnail","hentry","category-tamaulipas"],"jetpack_publicize_connections":[],"_links":{"self":[{"href":"https:\/\/www.buroperiodistico.com.mx\/index.php?rest_route=\/wp\/v2\/posts\/210639","targetHints":{"allow":["GET"]}}],"collection":[{"href":"https:\/\/www.buroperiodistico.com.mx\/index.php?rest_route=\/wp\/v2\/posts"}],"about":[{"href":"https:\/\/www.buroperiodistico.com.mx\/index.php?rest_route=\/wp\/v2\/types\/post"}],"author":[{"embeddable":true,"href":"https:\/\/www.buroperiodistico.com.mx\/index.php?rest_route=\/wp\/v2\/users\/1"}],"replies":[{"embeddable":true,"href":"https:\/\/www.buroperiodistico.com.mx\/index.php?rest_route=%2Fwp%2Fv2%2Fcomments&post=210639"}],"version-history":[{"count":1,"href":"https:\/\/www.buroperiodistico.com.mx\/index.php?rest_route=\/wp\/v2\/posts\/210639\/revisions"}],"predecessor-version":[{"id":210645,"href":"https:\/\/www.buroperiodistico.com.mx\/index.php?rest_route=\/wp\/v2\/posts\/210639\/revisions\/210645"}],"wp:featuredmedia":[{"embeddable":true,"href":"https:\/\/www.buroperiodistico.com.mx\/index.php?rest_route=\/wp\/v2\/media\/210644"}],"wp:attachment":[{"href":"https:\/\/www.buroperiodistico.com.mx\/index.php?rest_route=%2Fwp%2Fv2%2Fmedia&parent=210639"}],"wp:term":[{"taxonomy":"category","embeddable":true,"href":"https:\/\/www.buroperiodistico.com.mx\/index.php?rest_route=%2Fwp%2Fv2%2Fcategories&post=210639"},{"taxonomy":"post_tag","embeddable":true,"href":"https:\/\/www.buroperiodistico.com.mx\/index.php?rest_route=%2Fwp%2Fv2%2Ftags&post=210639"}],"curies":[{"name":"wp","href":"https:\/\/api.w.org\/{rel}","templated":true}]}}