{"id":210622,"date":"2026-04-29T10:47:58","date_gmt":"2026-04-29T15:47:58","guid":{"rendered":"https:\/\/www.buroperiodistico.com.mx\/?p=210622"},"modified":"2026-04-29T10:47:58","modified_gmt":"2026-04-29T15:47:58","slug":"rehabilita-gobierno-de-carlos-pena-ortiz-alumbrado-publico-en-hacienda-del-sol","status":"publish","type":"post","link":"https:\/\/www.buroperiodistico.com.mx\/?p=210622","title":{"rendered":"Rehabilita Gobierno de Carlos Pe\u00f1a Ortiz alumbrado p\u00fablico en Hacienda Del Sol"},"content":{"rendered":"<p><em><strong><img loading=\"lazy\" decoding=\"async\" class=\" wp-image-210626 alignright\" src=\"https:\/\/www.buroperiodistico.com.mx\/wp-content\/uploads\/2026\/04\/Spx-5.jpeg\" alt=\"\" width=\"510\" height=\"291\" srcset=\"https:\/\/www.buroperiodistico.com.mx\/wp-content\/uploads\/2026\/04\/Spx-5.jpeg 1024w, https:\/\/www.buroperiodistico.com.mx\/wp-content\/uploads\/2026\/04\/Spx-5-300x171.jpeg 300w, https:\/\/www.buroperiodistico.com.mx\/wp-content\/uploads\/2026\/04\/Spx-5-768x438.jpeg 768w\" sizes=\"auto, (max-width: 510px) 100vw, 510px\" \/>Reynosa, Tam (29-Abril-2026).-<\/strong><\/em> Por instrucciones del Presidente Municipal Carlos Pe\u00f1a Ortiz y para brindar mayor seguridad y mejores condiciones a las familias reynosenses, cuadrillas de Servicios P\u00fablicos realizaron trabajos de rehabilitaci\u00f3n de alumbrado en la colonia Hacienda del Sol.<\/p>\n<p>Personal del \u00e1rea de Alumbrado P\u00fablico, designado por el Secretario Jos\u00e9 Antonio Ch\u00e1vez Herrera, atendi\u00f3 puntos estrat\u00e9gicos en:<\/p>\n<p>Calle Monte de los Olivos:<br \/>\n1. Entre R\u00edo Negro y R\u00edo P\u00e1nuco: Se activ\u00f3 el circuito y se revisaron aproximadamente 10 registros, localizando l\u00edneas de fase y neutro da\u00f1adas que fueron reparadas.<br \/>\n2. Entre Puerta Lim\u00f3n y Puerta de Nazareno: Se instalaron 2 l\u00e1mparas LED de 150 watts nuevas y se tendi\u00f3 l\u00ednea 2+1 para energizar el sector.<br \/>\n3. Entre Teka y Hierro: Se instal\u00f3 1 l\u00e1mpara LED 150 watts nueva.<br \/>\n4. Entre Hierro y P\u00e1nuco: Se instal\u00f3 1 l\u00e1mpara LED 150 watts nueva.<br \/>\n5. Entre R\u00edo P\u00e1nuco y Puerta de Lim\u00f3n: Se tendieron 300 metros aprox. de cable 2+1 para energizar 4 l\u00e1mparas instaladas.<br \/>\n6. Esq. Puerta de Nazareno, Puerta de Teka y Hierro: Se prepar\u00f3 la instalaci\u00f3n de 3 brazos con l\u00e1mpara completa. Ya hay cable con corriente 220V en los puntos.<\/p>\n<p>Calle R\u00edo Eufrates:<br \/>\n7. Entre R\u00edo Negro y R\u00edo P\u00e1nuco: Se reconectaron l\u00edneas para energizar l\u00e1mparas previamente instaladas.<\/p>\n<p>En total se instalaron 8 l\u00e1mparas LED de 150 watts, se tendieron 300 metros de cable 2+1, se repararon circuitos da\u00f1ados y se dejaron listos 3 puntos para colocaci\u00f3n inmediata de brazos con luminaria.<\/p>\n<p>\u00abEl alumbrado p\u00fablico es seguridad para nuestras familias. Por eso traemos cuadrillas todos los d\u00edas, atendiendo reportes y rehabilitando circuitos completos. No paramos hasta que cada colonia de Reynosa est\u00e9 bien iluminada\u00bb, asegur\u00f3 el Alcalde.<\/p>\n<p>#ReynosaImparable<br \/>\n#GobiernoMunicipalDeReynosa<\/p>\n<p><img loading=\"lazy\" decoding=\"async\" class=\"aligncenter size-full wp-image-210623\" src=\"https:\/\/www.buroperiodistico.com.mx\/wp-content\/uploads\/2026\/04\/Spx-I-6.jpeg\" alt=\"\" width=\"640\" height=\"288\" srcset=\"https:\/\/www.buroperiodistico.com.mx\/wp-content\/uploads\/2026\/04\/Spx-I-6.jpeg 640w, https:\/\/www.buroperiodistico.com.mx\/wp-content\/uploads\/2026\/04\/Spx-I-6-300x135.jpeg 300w\" sizes=\"auto, (max-width: 640px) 100vw, 640px\" \/> <img loading=\"lazy\" decoding=\"async\" class=\"aligncenter size-full wp-image-210625\" src=\"https:\/\/www.buroperiodistico.com.mx\/wp-content\/uploads\/2026\/04\/Spx-III-5.jpeg\" alt=\"\" width=\"640\" height=\"288\" srcset=\"https:\/\/www.buroperiodistico.com.mx\/wp-content\/uploads\/2026\/04\/Spx-III-5.jpeg 640w, https:\/\/www.buroperiodistico.com.mx\/wp-content\/uploads\/2026\/04\/Spx-III-5-300x135.jpeg 300w\" sizes=\"auto, (max-width: 640px) 100vw, 640px\" \/> <img loading=\"lazy\" decoding=\"async\" class=\"aligncenter size-full wp-image-210624\" src=\"https:\/\/www.buroperiodistico.com.mx\/wp-content\/uploads\/2026\/04\/Spx-II-5.jpeg\" alt=\"\" width=\"640\" height=\"288\" srcset=\"https:\/\/www.buroperiodistico.com.mx\/wp-content\/uploads\/2026\/04\/Spx-II-5.jpeg 640w, https:\/\/www.buroperiodistico.com.mx\/wp-content\/uploads\/2026\/04\/Spx-II-5-300x135.jpeg 300w\" sizes=\"auto, (max-width: 640px) 100vw, 640px\" \/><\/p>\n","protected":false},"excerpt":{"rendered":"<p>Reynosa, Tam (29-Abril-2026).- Por instrucciones del Presidente Municipal Carlos Pe\u00f1a Ortiz y para brindar mayor&#8230;<\/p>\n","protected":false},"author":1,"featured_media":210626,"comment_status":"closed","ping_status":"closed","sticky":false,"template":"","format":"standard","meta":{"footnotes":"","jetpack_publicize_message":"","jetpack_publicize_feature_enabled":true,"jetpack_social_post_already_shared":true,"jetpack_social_options":{"image_generator_settings":{"template":"highway","default_image_id":0,"font":"","enabled":false},"version":2}},"categories":[9],"tags":[],"class_list":["post-210622","post","type-post","status-publish","format-standard","has-post-thumbnail","hentry","category-reynosa"],"jetpack_publicize_connections":[],"_links":{"self":[{"href":"https:\/\/www.buroperiodistico.com.mx\/index.php?rest_route=\/wp\/v2\/posts\/210622","targetHints":{"allow":["GET"]}}],"collection":[{"href":"https:\/\/www.buroperiodistico.com.mx\/index.php?rest_route=\/wp\/v2\/posts"}],"about":[{"href":"https:\/\/www.buroperiodistico.com.mx\/index.php?rest_route=\/wp\/v2\/types\/post"}],"author":[{"embeddable":true,"href":"https:\/\/www.buroperiodistico.com.mx\/index.php?rest_route=\/wp\/v2\/users\/1"}],"replies":[{"embeddable":true,"href":"https:\/\/www.buroperiodistico.com.mx\/index.php?rest_route=%2Fwp%2Fv2%2Fcomments&post=210622"}],"version-history":[{"count":1,"href":"https:\/\/www.buroperiodistico.com.mx\/index.php?rest_route=\/wp\/v2\/posts\/210622\/revisions"}],"predecessor-version":[{"id":210627,"href":"https:\/\/www.buroperiodistico.com.mx\/index.php?rest_route=\/wp\/v2\/posts\/210622\/revisions\/210627"}],"wp:featuredmedia":[{"embeddable":true,"href":"https:\/\/www.buroperiodistico.com.mx\/index.php?rest_route=\/wp\/v2\/media\/210626"}],"wp:attachment":[{"href":"https:\/\/www.buroperiodistico.com.mx\/index.php?rest_route=%2Fwp%2Fv2%2Fmedia&parent=210622"}],"wp:term":[{"taxonomy":"category","embeddable":true,"href":"https:\/\/www.buroperiodistico.com.mx\/index.php?rest_route=%2Fwp%2Fv2%2Fcategories&post=210622"},{"taxonomy":"post_tag","embeddable":true,"href":"https:\/\/www.buroperiodistico.com.mx\/index.php?rest_route=%2Fwp%2Fv2%2Ftags&post=210622"}],"curies":[{"name":"wp","href":"https:\/\/api.w.org\/{rel}","templated":true}]}}