{"id":210615,"date":"2026-04-28T23:49:19","date_gmt":"2026-04-29T04:49:19","guid":{"rendered":"https:\/\/www.buroperiodistico.com.mx\/?p=210615"},"modified":"2026-04-28T23:49:19","modified_gmt":"2026-04-29T04:49:19","slug":"respalda-yuriria-avances-educativos-en-tamaulipas","status":"publish","type":"post","link":"https:\/\/www.buroperiodistico.com.mx\/?p=210615","title":{"rendered":"RESPALDA YURIRIA AVANCES EDUCATIVOS EN TAMAULIPAS"},"content":{"rendered":"<p><em><strong><img loading=\"lazy\" decoding=\"async\" class=\" wp-image-210616 alignright\" src=\"https:\/\/www.buroperiodistico.com.mx\/wp-content\/uploads\/2026\/04\/Dipx-2.jpg\" alt=\"\" width=\"509\" height=\"275\" srcset=\"https:\/\/www.buroperiodistico.com.mx\/wp-content\/uploads\/2026\/04\/Dipx-2.jpg 1110w, https:\/\/www.buroperiodistico.com.mx\/wp-content\/uploads\/2026\/04\/Dipx-2-300x162.jpg 300w, https:\/\/www.buroperiodistico.com.mx\/wp-content\/uploads\/2026\/04\/Dipx-2-1024x554.jpg 1024w, https:\/\/www.buroperiodistico.com.mx\/wp-content\/uploads\/2026\/04\/Dipx-2-768x415.jpg 768w\" sizes=\"auto, (max-width: 509px) 100vw, 509px\" \/>Cd. Victoria, Tamps. (28 de abril de 2026).-<\/strong><\/em> La Diputada Yuriria Iturbe reconoci\u00f3 los avances de la pol\u00edtica educativa estatal durante la comparecencia del Secretario de Educaci\u00f3n, Miguel \u00c1ngel Valdez Garc\u00eda, y refrend\u00f3 el compromiso del Poder Legislativo de acompa\u00f1ar con marcos legales s\u00f3lidos los esfuerzos que hoy transforman las aulas tamaulipecas.<\/p>\n<p>\u00abQuienes hemos estado frente a un grupo sabemos que la educaci\u00f3n se juega con el alma. En el material que llega al sal\u00f3n de clase, en el docente que se siente respaldado, en la ni\u00f1a que encuentra una raz\u00f3n para volver a la escuela al d\u00eda siguiente\u00bb, expres\u00f3 la Presidenta de la Comisi\u00f3n de Educaci\u00f3n.<\/p>\n<p>A nombre de la bancada de Morena, Iturbe V\u00e1zquez destac\u00f3 tres ejes centrales del trabajo de la Secretar\u00eda de Educaci\u00f3n de Tamaulipas (SET): la inclusi\u00f3n educativa, la permanencia escolar y la dignificaci\u00f3n del magisterio,<\/p>\n<p style=\"text-align: left;\">La legisladora reconoci\u00f3 el avance en la modernizaci\u00f3n de los servicios educativos, la inversi\u00f3n en infraestructura y el acercamiento de la atenci\u00f3n a las comunidades a trav\u00e9s de los Centros Regionales de Desarrollo Educativo, as\u00ed como el impulso a la formaci\u00f3n integral del alumnado mediante la educaci\u00f3n socioemocional, la cultura de paz, la educaci\u00f3n ambiental, el deporte y la promoci\u00f3n de la lectura.<\/p>\n<p style=\"text-align: center;\"><strong>SE\u00d1ALA TRABAJO COORDINADO EN COMISI\u00d3N DE EDUCACI\u00d3N<\/strong><\/p>\n<p>En su mensaje dirigido al titular de la SET, Iturbe V\u00e1zquez hizo un reconocimiento especial a la apertura de la Secretar\u00eda para hacer equipo con la Comisi\u00f3n de Educaci\u00f3n. Se\u00f1al\u00f3 que el trabajo conjunto ha permitido impulsar la ampliaci\u00f3n de las horas de educaci\u00f3n f\u00edsica, medidas de protecci\u00f3n al docente, talleres de educaci\u00f3n financiera y brigadas de protecci\u00f3n escolar.<\/p>\n<p>\u00abSabemos que la transformaci\u00f3n educativa requiere tanto pol\u00edtica p\u00fablica como respaldo legislativo\u00bb, afirm\u00f3 la Diputada al cierre de su intervenci\u00f3n, donde tambi\u00e9n reconoci\u00f3 que la labor del Secretario refleja el inter\u00e9s del Gobernador Am\u00e9rico Villarreal Anaya por el bienestar y el futuro de Tamaulipas.<\/p>\n<p>La comparecencia del titular de la Secretar\u00eda de Educaci\u00f3n se realiz\u00f3 en el marco del an\u00e1lisis del Cuarto Informe de Gobierno estatal, donde Valdez Garc\u00eda present\u00f3 ante el Pleno los avances, retos y proyectos en materia educativa.<\/p>\n","protected":false},"excerpt":{"rendered":"<p>Cd. Victoria, Tamps. (28 de abril de 2026).- La Diputada Yuriria Iturbe reconoci\u00f3 los avances&#8230;<\/p>\n","protected":false},"author":1,"featured_media":210616,"comment_status":"closed","ping_status":"closed","sticky":false,"template":"","format":"standard","meta":{"footnotes":"","jetpack_publicize_message":"","jetpack_publicize_feature_enabled":true,"jetpack_social_post_already_shared":true,"jetpack_social_options":{"image_generator_settings":{"template":"highway","default_image_id":0,"font":"","enabled":false},"version":2}},"categories":[17],"tags":[],"class_list":["post-210615","post","type-post","status-publish","format-standard","has-post-thumbnail","hentry","category-ciudadvictoria"],"jetpack_publicize_connections":[],"_links":{"self":[{"href":"https:\/\/www.buroperiodistico.com.mx\/index.php?rest_route=\/wp\/v2\/posts\/210615","targetHints":{"allow":["GET"]}}],"collection":[{"href":"https:\/\/www.buroperiodistico.com.mx\/index.php?rest_route=\/wp\/v2\/posts"}],"about":[{"href":"https:\/\/www.buroperiodistico.com.mx\/index.php?rest_route=\/wp\/v2\/types\/post"}],"author":[{"embeddable":true,"href":"https:\/\/www.buroperiodistico.com.mx\/index.php?rest_route=\/wp\/v2\/users\/1"}],"replies":[{"embeddable":true,"href":"https:\/\/www.buroperiodistico.com.mx\/index.php?rest_route=%2Fwp%2Fv2%2Fcomments&post=210615"}],"version-history":[{"count":1,"href":"https:\/\/www.buroperiodistico.com.mx\/index.php?rest_route=\/wp\/v2\/posts\/210615\/revisions"}],"predecessor-version":[{"id":210617,"href":"https:\/\/www.buroperiodistico.com.mx\/index.php?rest_route=\/wp\/v2\/posts\/210615\/revisions\/210617"}],"wp:featuredmedia":[{"embeddable":true,"href":"https:\/\/www.buroperiodistico.com.mx\/index.php?rest_route=\/wp\/v2\/media\/210616"}],"wp:attachment":[{"href":"https:\/\/www.buroperiodistico.com.mx\/index.php?rest_route=%2Fwp%2Fv2%2Fmedia&parent=210615"}],"wp:term":[{"taxonomy":"category","embeddable":true,"href":"https:\/\/www.buroperiodistico.com.mx\/index.php?rest_route=%2Fwp%2Fv2%2Fcategories&post=210615"},{"taxonomy":"post_tag","embeddable":true,"href":"https:\/\/www.buroperiodistico.com.mx\/index.php?rest_route=%2Fwp%2Fv2%2Ftags&post=210615"}],"curies":[{"name":"wp","href":"https:\/\/api.w.org\/{rel}","templated":true}]}}