{"id":210607,"date":"2026-04-28T23:45:00","date_gmt":"2026-04-29T04:45:00","guid":{"rendered":"https:\/\/www.buroperiodistico.com.mx\/?p=210607"},"modified":"2026-04-28T23:45:00","modified_gmt":"2026-04-29T04:45:00","slug":"recorre-marcelo-olan-municipios-fronterizos","status":"publish","type":"post","link":"https:\/\/www.buroperiodistico.com.mx\/?p=210607","title":{"rendered":"Recorre Marcelo Ol\u00e1n municipios fronterizos"},"content":{"rendered":"<p><em><strong><img loading=\"lazy\" decoding=\"async\" class=\" wp-image-210613 alignright\" src=\"https:\/\/www.buroperiodistico.com.mx\/wp-content\/uploads\/2026\/04\/Olanx.jpeg\" alt=\"\" width=\"490\" height=\"242\" srcset=\"https:\/\/www.buroperiodistico.com.mx\/wp-content\/uploads\/2026\/04\/Olanx.jpeg 1024w, https:\/\/www.buroperiodistico.com.mx\/wp-content\/uploads\/2026\/04\/Olanx-300x148.jpeg 300w, https:\/\/www.buroperiodistico.com.mx\/wp-content\/uploads\/2026\/04\/Olanx-768x379.jpeg 768w\" sizes=\"auto, (max-width: 490px) 100vw, 490px\" \/>Reynosa, Tam (28-Abril-2026).-<\/strong><\/em> Como parte del compromiso de mantener una administraci\u00f3n cercana a la ciudadan\u00eda, el director general de las Oficinas Fiscales en Tamaulipas, Marcelo Ol\u00e1n Mendoza, realiz\u00f3 una gira de trabajo por diversos municipios de la frontera para informar a la poblaci\u00f3n sobre los beneficios fiscales que estar\u00e1n vigentes hasta el pr\u00f3ximo 31 de mayo de 2026.<\/p>\n<p>Ol\u00e1n Mendoza destac\u00f3 que gracias al firme compromiso del gobernador Dr. Am\u00e9rico Villarreal Anaya , Tamaulipas se consolida en un gobierno cercano a la gente, que responde con acciones concretas a las necesidades de las familias tamaulipecas.<\/p>\n<p>Asimismo, reconoci\u00f3 el trabajo del secretario de Finanzas, Carlos Ir\u00e1n Ram\u00edrez Gonz\u00e1lez, quien contin\u00faa impulsando una pol\u00edtica fiscal sensible y solidaria para fortalecer la econom\u00eda de las y los tamaulipecos.<\/p>\n<p>Marcelo Ol\u00e1n visit\u00f3 los municipios de Gustavo D\u00edaz Ordaz, Camargo, Miguel Alem\u00e1n, Mier, Nueva Ciudad Guerrero y Nuevo Laredo, encabezando reuniones informativas con el objetivo de fortalecer la atenci\u00f3n en las Oficinas Fiscales y garantizar que estos apoyos lleguen de manera directa a cada familia.<\/p>\n<p>\u201cHoy m\u00e1s que nunca, en Tamaulipas se gobierna con responsabilidad, cercan\u00eda y compromiso social, consolidando un proyecto que pone en el centro a las familias, a las y los trabajadores y al desarrollo del estado\u201d, expres\u00f3.<\/p>\n<p>Finalmente, Marcelo Ol\u00e1n invit\u00f3 a la ciudadan\u00eda a aprovechar estos beneficios fiscales y sumarse a este esfuerzo conjunto por un Tamaulipas m\u00e1s fuerte, m\u00e1s justo y con mayores oportunidades para todas y todos.<\/p>\n<p><img loading=\"lazy\" decoding=\"async\" class=\"aligncenter size-full wp-image-210608\" src=\"https:\/\/www.buroperiodistico.com.mx\/wp-content\/uploads\/2026\/04\/Olanx-I.jpeg\" alt=\"\" width=\"640\" height=\"443\" srcset=\"https:\/\/www.buroperiodistico.com.mx\/wp-content\/uploads\/2026\/04\/Olanx-I.jpeg 640w, https:\/\/www.buroperiodistico.com.mx\/wp-content\/uploads\/2026\/04\/Olanx-I-300x208.jpeg 300w\" sizes=\"auto, (max-width: 640px) 100vw, 640px\" \/> <img loading=\"lazy\" decoding=\"async\" class=\"aligncenter size-full wp-image-210612\" src=\"https:\/\/www.buroperiodistico.com.mx\/wp-content\/uploads\/2026\/04\/Olanx-IIIII.jpeg\" alt=\"\" width=\"640\" height=\"427\" srcset=\"https:\/\/www.buroperiodistico.com.mx\/wp-content\/uploads\/2026\/04\/Olanx-IIIII.jpeg 640w, https:\/\/www.buroperiodistico.com.mx\/wp-content\/uploads\/2026\/04\/Olanx-IIIII-300x200.jpeg 300w\" sizes=\"auto, (max-width: 640px) 100vw, 640px\" \/> <img loading=\"lazy\" decoding=\"async\" class=\"aligncenter size-full wp-image-210611\" src=\"https:\/\/www.buroperiodistico.com.mx\/wp-content\/uploads\/2026\/04\/Olanx-IIII.jpeg\" alt=\"\" width=\"618\" height=\"480\" srcset=\"https:\/\/www.buroperiodistico.com.mx\/wp-content\/uploads\/2026\/04\/Olanx-IIII.jpeg 618w, https:\/\/www.buroperiodistico.com.mx\/wp-content\/uploads\/2026\/04\/Olanx-IIII-300x233.jpeg 300w\" sizes=\"auto, (max-width: 618px) 100vw, 618px\" \/> <img loading=\"lazy\" decoding=\"async\" class=\"aligncenter size-full wp-image-210610\" src=\"https:\/\/www.buroperiodistico.com.mx\/wp-content\/uploads\/2026\/04\/Olanx-III.jpeg\" alt=\"\" width=\"480\" height=\"534\" srcset=\"https:\/\/www.buroperiodistico.com.mx\/wp-content\/uploads\/2026\/04\/Olanx-III.jpeg 480w, https:\/\/www.buroperiodistico.com.mx\/wp-content\/uploads\/2026\/04\/Olanx-III-270x300.jpeg 270w\" sizes=\"auto, (max-width: 480px) 100vw, 480px\" \/> <img loading=\"lazy\" decoding=\"async\" class=\"aligncenter size-full wp-image-210609\" src=\"https:\/\/www.buroperiodistico.com.mx\/wp-content\/uploads\/2026\/04\/Olanx-II.jpeg\" alt=\"\" width=\"633\" height=\"480\" srcset=\"https:\/\/www.buroperiodistico.com.mx\/wp-content\/uploads\/2026\/04\/Olanx-II.jpeg 633w, https:\/\/www.buroperiodistico.com.mx\/wp-content\/uploads\/2026\/04\/Olanx-II-300x227.jpeg 300w\" sizes=\"auto, (max-width: 633px) 100vw, 633px\" \/><\/p>\n","protected":false},"excerpt":{"rendered":"<p>Reynosa, Tam (28-Abril-2026).- Como parte del compromiso de mantener una administraci\u00f3n cercana a la ciudadan\u00eda,&#8230;<\/p>\n","protected":false},"author":1,"featured_media":210613,"comment_status":"closed","ping_status":"closed","sticky":false,"template":"","format":"standard","meta":{"footnotes":"","jetpack_publicize_message":"","jetpack_publicize_feature_enabled":true,"jetpack_social_post_already_shared":true,"jetpack_social_options":{"image_generator_settings":{"template":"highway","default_image_id":0,"font":"","enabled":false},"version":2}},"categories":[9],"tags":[],"class_list":["post-210607","post","type-post","status-publish","format-standard","has-post-thumbnail","hentry","category-reynosa"],"jetpack_publicize_connections":[],"_links":{"self":[{"href":"https:\/\/www.buroperiodistico.com.mx\/index.php?rest_route=\/wp\/v2\/posts\/210607","targetHints":{"allow":["GET"]}}],"collection":[{"href":"https:\/\/www.buroperiodistico.com.mx\/index.php?rest_route=\/wp\/v2\/posts"}],"about":[{"href":"https:\/\/www.buroperiodistico.com.mx\/index.php?rest_route=\/wp\/v2\/types\/post"}],"author":[{"embeddable":true,"href":"https:\/\/www.buroperiodistico.com.mx\/index.php?rest_route=\/wp\/v2\/users\/1"}],"replies":[{"embeddable":true,"href":"https:\/\/www.buroperiodistico.com.mx\/index.php?rest_route=%2Fwp%2Fv2%2Fcomments&post=210607"}],"version-history":[{"count":1,"href":"https:\/\/www.buroperiodistico.com.mx\/index.php?rest_route=\/wp\/v2\/posts\/210607\/revisions"}],"predecessor-version":[{"id":210614,"href":"https:\/\/www.buroperiodistico.com.mx\/index.php?rest_route=\/wp\/v2\/posts\/210607\/revisions\/210614"}],"wp:featuredmedia":[{"embeddable":true,"href":"https:\/\/www.buroperiodistico.com.mx\/index.php?rest_route=\/wp\/v2\/media\/210613"}],"wp:attachment":[{"href":"https:\/\/www.buroperiodistico.com.mx\/index.php?rest_route=%2Fwp%2Fv2%2Fmedia&parent=210607"}],"wp:term":[{"taxonomy":"category","embeddable":true,"href":"https:\/\/www.buroperiodistico.com.mx\/index.php?rest_route=%2Fwp%2Fv2%2Fcategories&post=210607"},{"taxonomy":"post_tag","embeddable":true,"href":"https:\/\/www.buroperiodistico.com.mx\/index.php?rest_route=%2Fwp%2Fv2%2Ftags&post=210607"}],"curies":[{"name":"wp","href":"https:\/\/api.w.org\/{rel}","templated":true}]}}