{"id":210599,"date":"2026-04-28T21:55:01","date_gmt":"2026-04-29T02:55:01","guid":{"rendered":"https:\/\/www.buroperiodistico.com.mx\/?p=210599"},"modified":"2026-04-28T21:55:01","modified_gmt":"2026-04-29T02:55:01","slug":"conquista-tamaulipas-15-medallas-en-tiro-con-arco-en-olimpiada-nacional","status":"publish","type":"post","link":"https:\/\/www.buroperiodistico.com.mx\/?p=210599","title":{"rendered":"Conquista Tamaulipas 15 medallas en tiro con arco en Olimpiada Nacional"},"content":{"rendered":"<p><em><strong><img loading=\"lazy\" decoding=\"async\" class=\" wp-image-210604 alignright\" src=\"https:\/\/www.buroperiodistico.com.mx\/wp-content\/uploads\/2026\/04\/IDENacional-1.jpeg\" alt=\"\" width=\"504\" height=\"307\" srcset=\"https:\/\/www.buroperiodistico.com.mx\/wp-content\/uploads\/2026\/04\/IDENacional-1.jpeg 1024w, https:\/\/www.buroperiodistico.com.mx\/wp-content\/uploads\/2026\/04\/IDENacional-1-300x183.jpeg 300w, https:\/\/www.buroperiodistico.com.mx\/wp-content\/uploads\/2026\/04\/IDENacional-1-768x468.jpeg 768w\" sizes=\"auto, (max-width: 504px) 100vw, 504px\" \/>Apizaco, Tlaxcala (28-Abril-2026).-<\/strong><\/em> La delegaci\u00f3n de Tamaulipas tuvo un arranque s\u00f3lido en el d\u00eda uno de la competencia de tiro con arco de la Olimpiada Nacional 2026, que se realiza en Tlaxcala, al conquistar un total de 15 medallas; una de oro, cinco de plata y nueve de bronce, distribuidas en las ramas femenil y varonil.<\/p>\n<p>La presea dorada fue obtenida por Valentina Torres G\u00f3mez, quien se impuso en la segunda distancia de la modalidad compuesto, dentro de la categor\u00eda Sub 16 femenil.<\/p>\n<p>En las medallas de plata, Mariam G\u00f3mez destac\u00f3 con dos preseas en la categor\u00eda Sub 16 femenil (primera distancia y acumulado general). Tambi\u00e9n subieron al segundo lugar Vania Herrera en la segunda distancia Sub 16, Valentina Garc\u00eda G\u00f3mez en la segunda distancia Sub 21 femenil, y Sebasti\u00e1n Gallegos Ollervides en la primera distancia de compuesto Sub 16 varonil.<\/p>\n<p>Los bronces tambi\u00e9n sumaron de forma importante. En la rama femenil, Valentina Garc\u00eda G\u00f3mez logr\u00f3 dos terceros lugares en la categor\u00eda Sub 21 (primera distancia y acumulado general), mientras que Vania Herrera obtuvo bronce en el acumulado general Sub 16.<\/p>\n<p>Por la rama varonil, Aar\u00f3n Abraham Altamira V\u00e1zquez consigui\u00f3 dos bronces en compuesto Sub 18 (primera distancia y acumulado general); Arturo Gerardo Cepeda Villarreal aport\u00f3 uno m\u00e1s en recurvo Sub 18 (primera distancia); Sebasti\u00e1n Gallegos Ollervides sum\u00f3 dos terceros lugares en compuesto Sub 16 (segunda distancia y acumulado general); y Jorge Emilio Maldonado Cobos cerr\u00f3 con bronce en la segunda distancia de compuesto Sub 14.<\/p>\n<p>Con estos resultados, Tamaulipas inicia con paso firme su participaci\u00f3n en esta disciplina a nivel nacional.<\/p>\n<p>El director general del INDE Tamaulipas, Manuel Viru\u00e9s Lozano, felicit\u00f3 a los atletas y entrenadores, destacando el respaldo al deporte de alto rendimiento por parte del gobernador Am\u00e9rico Villarreal Anaya y de la secretaria de bienestar social, Silvia Casas.<\/p>\n<p><img loading=\"lazy\" decoding=\"async\" class=\"aligncenter size-full wp-image-210600\" src=\"https:\/\/www.buroperiodistico.com.mx\/wp-content\/uploads\/2026\/04\/IDENacional-I-1.jpeg\" alt=\"\" width=\"537\" height=\"480\" srcset=\"https:\/\/www.buroperiodistico.com.mx\/wp-content\/uploads\/2026\/04\/IDENacional-I-1.jpeg 537w, https:\/\/www.buroperiodistico.com.mx\/wp-content\/uploads\/2026\/04\/IDENacional-I-1-300x268.jpeg 300w\" sizes=\"auto, (max-width: 537px) 100vw, 537px\" \/> <img loading=\"lazy\" decoding=\"async\" class=\"aligncenter size-full wp-image-210603\" src=\"https:\/\/www.buroperiodistico.com.mx\/wp-content\/uploads\/2026\/04\/IDENacional-IIII.jpeg\" alt=\"\" width=\"480\" height=\"534\" srcset=\"https:\/\/www.buroperiodistico.com.mx\/wp-content\/uploads\/2026\/04\/IDENacional-IIII.jpeg 480w, https:\/\/www.buroperiodistico.com.mx\/wp-content\/uploads\/2026\/04\/IDENacional-IIII-270x300.jpeg 270w\" sizes=\"auto, (max-width: 480px) 100vw, 480px\" \/> <img loading=\"lazy\" decoding=\"async\" class=\"aligncenter size-full wp-image-210602\" src=\"https:\/\/www.buroperiodistico.com.mx\/wp-content\/uploads\/2026\/04\/IDENacional-III-1.jpeg\" alt=\"\" width=\"480\" height=\"640\" srcset=\"https:\/\/www.buroperiodistico.com.mx\/wp-content\/uploads\/2026\/04\/IDENacional-III-1.jpeg 480w, https:\/\/www.buroperiodistico.com.mx\/wp-content\/uploads\/2026\/04\/IDENacional-III-1-225x300.jpeg 225w\" sizes=\"auto, (max-width: 480px) 100vw, 480px\" \/> <img loading=\"lazy\" decoding=\"async\" class=\"aligncenter size-full wp-image-210601\" src=\"https:\/\/www.buroperiodistico.com.mx\/wp-content\/uploads\/2026\/04\/IDENacional-II-1.jpeg\" alt=\"\" width=\"480\" height=\"563\" srcset=\"https:\/\/www.buroperiodistico.com.mx\/wp-content\/uploads\/2026\/04\/IDENacional-II-1.jpeg 480w, https:\/\/www.buroperiodistico.com.mx\/wp-content\/uploads\/2026\/04\/IDENacional-II-1-256x300.jpeg 256w\" sizes=\"auto, (max-width: 480px) 100vw, 480px\" \/><\/p>\n","protected":false},"excerpt":{"rendered":"<p>Apizaco, Tlaxcala (28-Abril-2026).- La delegaci\u00f3n de Tamaulipas tuvo un arranque s\u00f3lido en el d\u00eda uno&#8230;<\/p>\n","protected":false},"author":1,"featured_media":210604,"comment_status":"closed","ping_status":"closed","sticky":false,"template":"","format":"standard","meta":{"footnotes":"","jetpack_publicize_message":"","jetpack_publicize_feature_enabled":true,"jetpack_social_post_already_shared":true,"jetpack_social_options":{"image_generator_settings":{"template":"highway","default_image_id":0,"font":"","enabled":false},"version":2}},"categories":[12,10],"tags":[],"class_list":["post-210599","post","type-post","status-publish","format-standard","has-post-thumbnail","hentry","category-deportes","category-tamaulipas"],"jetpack_publicize_connections":[],"_links":{"self":[{"href":"https:\/\/www.buroperiodistico.com.mx\/index.php?rest_route=\/wp\/v2\/posts\/210599","targetHints":{"allow":["GET"]}}],"collection":[{"href":"https:\/\/www.buroperiodistico.com.mx\/index.php?rest_route=\/wp\/v2\/posts"}],"about":[{"href":"https:\/\/www.buroperiodistico.com.mx\/index.php?rest_route=\/wp\/v2\/types\/post"}],"author":[{"embeddable":true,"href":"https:\/\/www.buroperiodistico.com.mx\/index.php?rest_route=\/wp\/v2\/users\/1"}],"replies":[{"embeddable":true,"href":"https:\/\/www.buroperiodistico.com.mx\/index.php?rest_route=%2Fwp%2Fv2%2Fcomments&post=210599"}],"version-history":[{"count":2,"href":"https:\/\/www.buroperiodistico.com.mx\/index.php?rest_route=\/wp\/v2\/posts\/210599\/revisions"}],"predecessor-version":[{"id":210606,"href":"https:\/\/www.buroperiodistico.com.mx\/index.php?rest_route=\/wp\/v2\/posts\/210599\/revisions\/210606"}],"wp:featuredmedia":[{"embeddable":true,"href":"https:\/\/www.buroperiodistico.com.mx\/index.php?rest_route=\/wp\/v2\/media\/210604"}],"wp:attachment":[{"href":"https:\/\/www.buroperiodistico.com.mx\/index.php?rest_route=%2Fwp%2Fv2%2Fmedia&parent=210599"}],"wp:term":[{"taxonomy":"category","embeddable":true,"href":"https:\/\/www.buroperiodistico.com.mx\/index.php?rest_route=%2Fwp%2Fv2%2Fcategories&post=210599"},{"taxonomy":"post_tag","embeddable":true,"href":"https:\/\/www.buroperiodistico.com.mx\/index.php?rest_route=%2Fwp%2Fv2%2Ftags&post=210599"}],"curies":[{"name":"wp","href":"https:\/\/api.w.org\/{rel}","templated":true}]}}