{"id":210596,"date":"2026-04-28T21:44:39","date_gmt":"2026-04-29T02:44:39","guid":{"rendered":"https:\/\/www.buroperiodistico.com.mx\/?p=210596"},"modified":"2026-04-28T21:44:39","modified_gmt":"2026-04-29T02:44:39","slug":"gobierno-municipal-impulsa-el-turismo-de-nuevo-laredo-a-nivel-nacional","status":"publish","type":"post","link":"https:\/\/www.buroperiodistico.com.mx\/?p=210596","title":{"rendered":"GOBIERNO MUNICIPAL IMPULSA EL TURISMO DE NUEVO LAREDO A NIVEL NACIONAL"},"content":{"rendered":"<p><em><strong><img loading=\"lazy\" decoding=\"async\" class=\" wp-image-210597 alignright\" src=\"https:\/\/www.buroperiodistico.com.mx\/wp-content\/uploads\/2026\/04\/Impulsx.jpg\" alt=\"\" width=\"479\" height=\"259\" srcset=\"https:\/\/www.buroperiodistico.com.mx\/wp-content\/uploads\/2026\/04\/Impulsx.jpg 1110w, https:\/\/www.buroperiodistico.com.mx\/wp-content\/uploads\/2026\/04\/Impulsx-300x162.jpg 300w, https:\/\/www.buroperiodistico.com.mx\/wp-content\/uploads\/2026\/04\/Impulsx-1024x554.jpg 1024w, https:\/\/www.buroperiodistico.com.mx\/wp-content\/uploads\/2026\/04\/Impulsx-768x415.jpg 768w\" sizes=\"auto, (max-width: 479px) 100vw, 479px\" \/>Nuevo Laredo, Tam (28-Abril-2026).-<\/strong><\/em> Con el objetivo de fortalecer el desarrollo tur\u00edstico de la ciudad en sus distintas vertientes, el Gobierno Municipal, encabezado por la alcaldesa Carmen Lilia Canturosas Villarreal, participa en el Tianguis Tur\u00edstico de M\u00e9xico 2026, que se lleva a cabo del 27 al 30 de abril en el complejo Expo Mundo Imperial, en Acapulco, Guerrero, dentro del stand del estado de Tamaulipas.<\/p>\n<p>En esta edici\u00f3n especial que conmemora el 50 aniversario del evento, considerado el m\u00e1s importante del sector tur\u00edstico en el pa\u00eds, la Direcci\u00f3n de Turismo de Nuevo Laredo promueve las acciones, proyectos y estrategias impulsadas por la actual administraci\u00f3n municipal para posicionar a la ciudad como un destino competitivo y en crecimiento.<\/p>\n<p>Durante este encuentro nacional, inaugurado por la Secretar\u00eda de Turismo del Gobierno de M\u00e9xico, se destacan segmentos clave como el turismo cineg\u00e9tico, cultural, deportivo y de negocios, los cuales contribuyen al fortalecimiento de la econom\u00eda local y a la atracci\u00f3n de visitantes nacionales e internacionales.<\/p>\n<p>Del mismo modo; como parte de la agenda de trabajo, se llevan a cabo reuniones con empresas promotoras del sector tur\u00edstico tanto nacionales como internacionales, que han mostrado inter\u00e9s en Nuevo Laredo como un punto estrat\u00e9gico para la inversi\u00f3n y el desarrollo, gracias a su oferta gastron\u00f3mica, infraestructura hotelera y espacios de recreaci\u00f3n.<\/p>\n<p>Estas acciones se realizan de la mano del gobernador Am\u00e9rico Villarreal Anaya, impulsando de manera conjunta la promoci\u00f3n de Tamaulipas y todo lo que ofrece esta frontera, fortaleciendo su presencia en el panorama tur\u00edstico nacional e internacional.<\/p>\n<p>Con su participaci\u00f3n en este importante foro, el Gobierno Municipal reafirma su compromiso de impulsar el turismo como un motor de crecimiento econ\u00f3mico, generando nuevas oportunidades y consolidando a Nuevo Laredo como una ciudad con gran potencial tur\u00edstico.<\/p>\n","protected":false},"excerpt":{"rendered":"<p>Nuevo Laredo, Tam (28-Abril-2026).- Con el objetivo de fortalecer el desarrollo tur\u00edstico de la ciudad&#8230;<\/p>\n","protected":false},"author":1,"featured_media":210597,"comment_status":"closed","ping_status":"closed","sticky":false,"template":"","format":"standard","meta":{"footnotes":"","jetpack_publicize_message":"","jetpack_publicize_feature_enabled":true,"jetpack_social_post_already_shared":true,"jetpack_social_options":{"image_generator_settings":{"template":"highway","default_image_id":0,"font":"","enabled":false},"version":2}},"categories":[16],"tags":[],"class_list":["post-210596","post","type-post","status-publish","format-standard","has-post-thumbnail","hentry","category-nuevolaredo"],"jetpack_publicize_connections":[],"_links":{"self":[{"href":"https:\/\/www.buroperiodistico.com.mx\/index.php?rest_route=\/wp\/v2\/posts\/210596","targetHints":{"allow":["GET"]}}],"collection":[{"href":"https:\/\/www.buroperiodistico.com.mx\/index.php?rest_route=\/wp\/v2\/posts"}],"about":[{"href":"https:\/\/www.buroperiodistico.com.mx\/index.php?rest_route=\/wp\/v2\/types\/post"}],"author":[{"embeddable":true,"href":"https:\/\/www.buroperiodistico.com.mx\/index.php?rest_route=\/wp\/v2\/users\/1"}],"replies":[{"embeddable":true,"href":"https:\/\/www.buroperiodistico.com.mx\/index.php?rest_route=%2Fwp%2Fv2%2Fcomments&post=210596"}],"version-history":[{"count":1,"href":"https:\/\/www.buroperiodistico.com.mx\/index.php?rest_route=\/wp\/v2\/posts\/210596\/revisions"}],"predecessor-version":[{"id":210598,"href":"https:\/\/www.buroperiodistico.com.mx\/index.php?rest_route=\/wp\/v2\/posts\/210596\/revisions\/210598"}],"wp:featuredmedia":[{"embeddable":true,"href":"https:\/\/www.buroperiodistico.com.mx\/index.php?rest_route=\/wp\/v2\/media\/210597"}],"wp:attachment":[{"href":"https:\/\/www.buroperiodistico.com.mx\/index.php?rest_route=%2Fwp%2Fv2%2Fmedia&parent=210596"}],"wp:term":[{"taxonomy":"category","embeddable":true,"href":"https:\/\/www.buroperiodistico.com.mx\/index.php?rest_route=%2Fwp%2Fv2%2Fcategories&post=210596"},{"taxonomy":"post_tag","embeddable":true,"href":"https:\/\/www.buroperiodistico.com.mx\/index.php?rest_route=%2Fwp%2Fv2%2Ftags&post=210596"}],"curies":[{"name":"wp","href":"https:\/\/api.w.org\/{rel}","templated":true}]}}