{"id":210593,"date":"2026-04-28T21:41:36","date_gmt":"2026-04-29T02:41:36","guid":{"rendered":"https:\/\/www.buroperiodistico.com.mx\/?p=210593"},"modified":"2026-04-28T21:41:36","modified_gmt":"2026-04-29T02:41:36","slug":"activo-gobierno-de-carlos-pena-ortiz-nuevo-esquema-de-apoyo-para-madres-de-bebes","status":"publish","type":"post","link":"https:\/\/www.buroperiodistico.com.mx\/?p=210593","title":{"rendered":"Activ\u00f3 Gobierno de Carlos Pe\u00f1a Ortiz nuevo esquema de apoyo para madres de beb\u00e9s"},"content":{"rendered":"<p><em><strong>Reynosa, Tam (28-Abril-2026).-<\/strong><\/em> El Alcalde Carlos Pe\u00f1a Ortiz pone a disposici\u00f3n de las madres reynosenses con beb\u00e9s de cero a seis meses de edad, un esquema de apoyo denominado \u00abLeche para Tu Beb\u00e9\u00bb, dotaci\u00f3n gratuita de una f\u00f3rmula l\u00e1ctea.<\/p>\n<p>Cumpliendo sencillos requisitos: INE, comprobante de domicilio y CURP, las interesadas podr\u00e1n ingresar al nuevo programa para recibir el beneficio que ofrece el Gobierno de Reynosa.<\/p>\n<p>El tr\u00e1mite se realiza en las oficinas de Bienestar Social Municipal, en Ju\u00e1rez con Matamoros de la Zona Centro, de lunes a viernes, de 8:30 de la ma\u00f1ana a 3:30 de la tarde.<\/p>\n<p>#ReynosaImparable<br \/>\n#GobiernoMunicipalDeReynosa<\/p>\n<p><img loading=\"lazy\" decoding=\"async\" class=\"aligncenter  wp-image-210594\" src=\"https:\/\/www.buroperiodistico.com.mx\/wp-content\/uploads\/2026\/04\/Lechix.jpg\" alt=\"\" width=\"916\" height=\"495\" srcset=\"https:\/\/www.buroperiodistico.com.mx\/wp-content\/uploads\/2026\/04\/Lechix.jpg 1110w, https:\/\/www.buroperiodistico.com.mx\/wp-content\/uploads\/2026\/04\/Lechix-300x162.jpg 300w, https:\/\/www.buroperiodistico.com.mx\/wp-content\/uploads\/2026\/04\/Lechix-1024x554.jpg 1024w, https:\/\/www.buroperiodistico.com.mx\/wp-content\/uploads\/2026\/04\/Lechix-768x415.jpg 768w\" sizes=\"auto, (max-width: 916px) 100vw, 916px\" \/><\/p>\n","protected":false},"excerpt":{"rendered":"<p>Reynosa, Tam (28-Abril-2026).- El Alcalde Carlos Pe\u00f1a Ortiz pone a disposici\u00f3n de las madres reynosenses&#8230;<\/p>\n","protected":false},"author":1,"featured_media":210594,"comment_status":"closed","ping_status":"closed","sticky":false,"template":"","format":"standard","meta":{"footnotes":"","jetpack_publicize_message":"","jetpack_publicize_feature_enabled":true,"jetpack_social_post_already_shared":true,"jetpack_social_options":{"image_generator_settings":{"template":"highway","default_image_id":0,"font":"","enabled":false},"version":2}},"categories":[9],"tags":[],"class_list":["post-210593","post","type-post","status-publish","format-standard","has-post-thumbnail","hentry","category-reynosa"],"jetpack_publicize_connections":[],"_links":{"self":[{"href":"https:\/\/www.buroperiodistico.com.mx\/index.php?rest_route=\/wp\/v2\/posts\/210593","targetHints":{"allow":["GET"]}}],"collection":[{"href":"https:\/\/www.buroperiodistico.com.mx\/index.php?rest_route=\/wp\/v2\/posts"}],"about":[{"href":"https:\/\/www.buroperiodistico.com.mx\/index.php?rest_route=\/wp\/v2\/types\/post"}],"author":[{"embeddable":true,"href":"https:\/\/www.buroperiodistico.com.mx\/index.php?rest_route=\/wp\/v2\/users\/1"}],"replies":[{"embeddable":true,"href":"https:\/\/www.buroperiodistico.com.mx\/index.php?rest_route=%2Fwp%2Fv2%2Fcomments&post=210593"}],"version-history":[{"count":1,"href":"https:\/\/www.buroperiodistico.com.mx\/index.php?rest_route=\/wp\/v2\/posts\/210593\/revisions"}],"predecessor-version":[{"id":210595,"href":"https:\/\/www.buroperiodistico.com.mx\/index.php?rest_route=\/wp\/v2\/posts\/210593\/revisions\/210595"}],"wp:featuredmedia":[{"embeddable":true,"href":"https:\/\/www.buroperiodistico.com.mx\/index.php?rest_route=\/wp\/v2\/media\/210594"}],"wp:attachment":[{"href":"https:\/\/www.buroperiodistico.com.mx\/index.php?rest_route=%2Fwp%2Fv2%2Fmedia&parent=210593"}],"wp:term":[{"taxonomy":"category","embeddable":true,"href":"https:\/\/www.buroperiodistico.com.mx\/index.php?rest_route=%2Fwp%2Fv2%2Fcategories&post=210593"},{"taxonomy":"post_tag","embeddable":true,"href":"https:\/\/www.buroperiodistico.com.mx\/index.php?rest_route=%2Fwp%2Fv2%2Ftags&post=210593"}],"curies":[{"name":"wp","href":"https:\/\/api.w.org\/{rel}","templated":true}]}}