{"id":210585,"date":"2026-04-28T20:57:57","date_gmt":"2026-04-29T01:57:57","guid":{"rendered":"https:\/\/www.buroperiodistico.com.mx\/?p=210585"},"modified":"2026-04-28T20:57:57","modified_gmt":"2026-04-29T01:57:57","slug":"consolida-educacion-las-bases-para-el-bienestar-con-justicia-social","status":"publish","type":"post","link":"https:\/\/www.buroperiodistico.com.mx\/?p=210585","title":{"rendered":"Consolida educaci\u00f3n las bases para el bienestar con justicia social"},"content":{"rendered":"<p><em><strong><img loading=\"lazy\" decoding=\"async\" class=\" wp-image-210586 alignright\" src=\"https:\/\/www.buroperiodistico.com.mx\/wp-content\/uploads\/2026\/04\/SETConsolida-I.jpeg\" alt=\"\" width=\"519\" height=\"346\" srcset=\"https:\/\/www.buroperiodistico.com.mx\/wp-content\/uploads\/2026\/04\/SETConsolida-I.jpeg 640w, https:\/\/www.buroperiodistico.com.mx\/wp-content\/uploads\/2026\/04\/SETConsolida-I-300x200.jpeg 300w\" sizes=\"auto, (max-width: 519px) 100vw, 519px\" \/>Ciudad Victoria, Tamaulipas (28-Abril-2026).-<\/strong><\/em> Bajo una visi\u00f3n humanista, la educaci\u00f3n debe ser la palanca para la transformaci\u00f3n de las comunidades y sentar las bases para generar el bienestar con justicia social y equidad para todas y todos, asegur\u00f3 Miguel \u00c1ngel Valdez Garc\u00eda, secretario de Educaci\u00f3n de Tamaulipas, al comparecer ante el Congreso del Estado.<\/p>\n<p>Ante las y los diputados locales, docentes, p\u00fablico en general y, por primera vez, ante el liderazgo de la Secci\u00f3n 30 del Sindicato Nacional de los Trabajadores de la Educaci\u00f3n (SNTE), el profesor Arnulfo Rodr\u00edguez Trevi\u00f1o, quienes asistieron a escuchar la exposici\u00f3n, record\u00f3 que la transformaci\u00f3n educativa naci\u00f3 de un mandato popular de millones de mexicanas y mexicanos que decidieron que la educaci\u00f3n deb\u00eda cambiar, con una visi\u00f3n humanista al servicio de la sociedad, primero con el presidente Andr\u00e9s Manuel L\u00f3pez Obrador, y ahora consolid\u00e1ndose a nivel nacional con la presidenta Claudia Sheinbaum Pardo y en Tamaulipas con el gobernador Am\u00e9rico Villarreal Anaya.<\/p>\n<p>Expres\u00f3 que, por indicaciones del mandatario estatal, se han centrado en acciones estrat\u00e9gicas que consolidan la transformaci\u00f3n y en la construcci\u00f3n e implementaci\u00f3n de una agenda estrat\u00e9gica que alinee, fortalezca e integre acciones que aseguren las metas educativas y sociales, cre\u00e1ndose Tamaulipas Educa, estrategia con 10 objetivos espec\u00edficos y 100 acciones puntuales.<\/p>\n<p>Valdez Garc\u00eda enfatiz\u00f3 que se impulsa una estrategia integral de formaci\u00f3n y actualizaci\u00f3n docente, mediante la cual se capacit\u00f3 a 19 mil 332 figuras educativas en los 43 municipios; se asignaron 396 plazas a docentes de nuevo ingreso; se otorgaron 440 nombramientos definitivos; se asignaron un total de 3 mil 347 horas docentes a 390 maestras y maestros de educaci\u00f3n b\u00e1sica, en secundarias generales, secundarias t\u00e9cnicas y en educaci\u00f3n f\u00edsica; se otorgaron 132 nombramientos a funciones directivas y de supervisi\u00f3n, y se entregaron incentivos econ\u00f3micos a 515 docentes.<\/p>\n<p>Ante las y los legisladores, enfatiz\u00f3 que otro aspecto muy importante ha sido mejorar la infraestructura educativa, para garantizar que todas y todos los estudiantes tengan condiciones de dignidad al recibir su educaci\u00f3n. Por eso, a trav\u00e9s del programa federal La Escuela es Nuestra (LEEN), en conjunto con el Gobierno del Estado, a trav\u00e9s del ITIFE, se invirtieron m\u00e1s de 827 millones de pesos en la construcci\u00f3n, rehabilitaci\u00f3n,<\/p>\n<p>equipamiento, mantenimiento y mejoramiento de la accesibilidad de espacios educativos p\u00fablicos.<\/p>\n<p>Otro tema que tambi\u00e9n inform\u00f3 fue la continuaci\u00f3n de la aplicaci\u00f3n de la prueba Tamaulipas Aprende, evalu\u00e1ndose a 168 mil 260 estudiantes de 3\u00b0 y 6\u00b0 de primaria y 3\u00b0 de secundaria, en las \u00e1reas de Lenguaje y Comunicaci\u00f3n, Matem\u00e1ticas y Ciencias, logrando importantes avances en todas las \u00e1reas. Adem\u00e1s, el reconocimiento de la UNESCO, al ser el \u00fanico estado del pa\u00eds con cobertura del 100 % de la Pol\u00edtica de Aprendizajes Fundamentales en primero, segundo y tercer grado de primaria.<\/p>\n<p>De igual manera, puntualiz\u00f3 que se entregaron, a trav\u00e9s de seis programas becarios, 77 mil 778 apoyos econ\u00f3micos, con una inversi\u00f3n superior a 209 millones de pesos; se entregaron a 538 mil 48 estudiantes de educaci\u00f3n b\u00e1sica paquetes de \u00fatiles escolares, con una inversi\u00f3n de m\u00e1s de 221 millones de pesos, y se ampli\u00f3 la cobertura del Programa de Uniformes Escolares de 22 a 25 municipios, beneficiando a 48 mil 73 estudiantes, con un presupuesto superior a los 56 millones de pesos. Adem\u00e1s, se garantiz\u00f3 que el 100 % de las escuelas rurales cuenten con conectividad a internet, con una inversi\u00f3n de 63.4 millones de pesos.<\/p>\n<p style=\"text-align: center;\"><strong>EDUCAR PARA LA DIGNIDAD Y CONSTRUCCI\u00d3N DE LA PAZ<\/strong><\/p>\n<p>Destac\u00f3 que, como lo expres\u00f3 el gobernador Am\u00e9rico Villarreal Anaya en su Cuarto Informe, la transformaci\u00f3n no es solo impulso: es institucionalizaci\u00f3n, arraigo y permanencia, al pasar de la promesa a la estructura, del deseo al h\u00e1bito p\u00fablico y del discurso a una nueva manera de entender el derecho a la educaci\u00f3n.<\/p>\n<p>\u201cEse es, precisamente, el fondo de la Nueva Escuela Mexicana: formar personas libres, solidarias, cr\u00edticas y profundamente vinculadas con su comunidad. No solo se trata de ense\u00f1ar contenidos. Se trata de educar para la dignidad, la convivencia, la igualdad y la construcci\u00f3n de paz\u201d, precis\u00f3.<\/p>\n<p>Recalc\u00f3 que todos estos logros son posibles gracias al liderazgo del gobernador, quien, de la mano con la presidenta Claudia Sheinbaum, cierra filas para alcanzar una transformaci\u00f3n educativa que est\u00e9 a la altura de la esperanza de Tamaulipas y se convierta en el coraz\u00f3n de la transformaci\u00f3n.<\/p>\n<p>\u201cTengo la certeza de que el mayor legado que dejar\u00e1 nuestro gobernador Am\u00e9rico Villarreal Anaya ser\u00e1 el de un sector educativo que contuvo el deterioro que heredamos, que logr\u00f3, a trav\u00e9s del di\u00e1logo y la apertura, el consenso con las comunidades escolares y que sent\u00f3 las bases para que, con mucha educaci\u00f3n, se lograra la transformaci\u00f3n de nuestras comunidades\u201d, concluy\u00f3.<\/p>\n<p><img loading=\"lazy\" decoding=\"async\" class=\"aligncenter size-full wp-image-210587\" src=\"https:\/\/www.buroperiodistico.com.mx\/wp-content\/uploads\/2026\/04\/SETConsolida-II.jpeg\" alt=\"\" width=\"640\" height=\"427\" srcset=\"https:\/\/www.buroperiodistico.com.mx\/wp-content\/uploads\/2026\/04\/SETConsolida-II.jpeg 640w, https:\/\/www.buroperiodistico.com.mx\/wp-content\/uploads\/2026\/04\/SETConsolida-II-300x200.jpeg 300w\" sizes=\"auto, (max-width: 640px) 100vw, 640px\" \/> <img loading=\"lazy\" decoding=\"async\" class=\"aligncenter size-full wp-image-210590\" src=\"https:\/\/www.buroperiodistico.com.mx\/wp-content\/uploads\/2026\/04\/SETConsolida-IIIII.jpeg\" alt=\"\" width=\"640\" height=\"427\" srcset=\"https:\/\/www.buroperiodistico.com.mx\/wp-content\/uploads\/2026\/04\/SETConsolida-IIIII.jpeg 640w, https:\/\/www.buroperiodistico.com.mx\/wp-content\/uploads\/2026\/04\/SETConsolida-IIIII-300x200.jpeg 300w\" sizes=\"auto, (max-width: 640px) 100vw, 640px\" \/> <img loading=\"lazy\" decoding=\"async\" class=\"aligncenter size-full wp-image-210589\" src=\"https:\/\/www.buroperiodistico.com.mx\/wp-content\/uploads\/2026\/04\/SETConsolida-IIII.jpeg\" alt=\"\" width=\"640\" height=\"427\" srcset=\"https:\/\/www.buroperiodistico.com.mx\/wp-content\/uploads\/2026\/04\/SETConsolida-IIII.jpeg 640w, https:\/\/www.buroperiodistico.com.mx\/wp-content\/uploads\/2026\/04\/SETConsolida-IIII-300x200.jpeg 300w\" sizes=\"auto, (max-width: 640px) 100vw, 640px\" \/> <img loading=\"lazy\" decoding=\"async\" class=\"aligncenter size-full wp-image-210588\" src=\"https:\/\/www.buroperiodistico.com.mx\/wp-content\/uploads\/2026\/04\/SETConsolida-III.jpeg\" alt=\"\" width=\"640\" height=\"427\" srcset=\"https:\/\/www.buroperiodistico.com.mx\/wp-content\/uploads\/2026\/04\/SETConsolida-III.jpeg 640w, https:\/\/www.buroperiodistico.com.mx\/wp-content\/uploads\/2026\/04\/SETConsolida-III-300x200.jpeg 300w\" sizes=\"auto, (max-width: 640px) 100vw, 640px\" \/><\/p>\n","protected":false},"excerpt":{"rendered":"<p>Ciudad Victoria, Tamaulipas (28-Abril-2026).- Bajo una visi\u00f3n humanista, la educaci\u00f3n debe ser la palanca para&#8230;<\/p>\n","protected":false},"author":1,"featured_media":210591,"comment_status":"closed","ping_status":"closed","sticky":false,"template":"","format":"standard","meta":{"footnotes":"","jetpack_publicize_message":"","jetpack_publicize_feature_enabled":true,"jetpack_social_post_already_shared":true,"jetpack_social_options":{"image_generator_settings":{"template":"highway","default_image_id":0,"font":"","enabled":false},"version":2}},"categories":[10],"tags":[],"class_list":["post-210585","post","type-post","status-publish","format-standard","has-post-thumbnail","hentry","category-tamaulipas"],"jetpack_publicize_connections":[],"_links":{"self":[{"href":"https:\/\/www.buroperiodistico.com.mx\/index.php?rest_route=\/wp\/v2\/posts\/210585","targetHints":{"allow":["GET"]}}],"collection":[{"href":"https:\/\/www.buroperiodistico.com.mx\/index.php?rest_route=\/wp\/v2\/posts"}],"about":[{"href":"https:\/\/www.buroperiodistico.com.mx\/index.php?rest_route=\/wp\/v2\/types\/post"}],"author":[{"embeddable":true,"href":"https:\/\/www.buroperiodistico.com.mx\/index.php?rest_route=\/wp\/v2\/users\/1"}],"replies":[{"embeddable":true,"href":"https:\/\/www.buroperiodistico.com.mx\/index.php?rest_route=%2Fwp%2Fv2%2Fcomments&post=210585"}],"version-history":[{"count":1,"href":"https:\/\/www.buroperiodistico.com.mx\/index.php?rest_route=\/wp\/v2\/posts\/210585\/revisions"}],"predecessor-version":[{"id":210592,"href":"https:\/\/www.buroperiodistico.com.mx\/index.php?rest_route=\/wp\/v2\/posts\/210585\/revisions\/210592"}],"wp:featuredmedia":[{"embeddable":true,"href":"https:\/\/www.buroperiodistico.com.mx\/index.php?rest_route=\/wp\/v2\/media\/210591"}],"wp:attachment":[{"href":"https:\/\/www.buroperiodistico.com.mx\/index.php?rest_route=%2Fwp%2Fv2%2Fmedia&parent=210585"}],"wp:term":[{"taxonomy":"category","embeddable":true,"href":"https:\/\/www.buroperiodistico.com.mx\/index.php?rest_route=%2Fwp%2Fv2%2Fcategories&post=210585"},{"taxonomy":"post_tag","embeddable":true,"href":"https:\/\/www.buroperiodistico.com.mx\/index.php?rest_route=%2Fwp%2Fv2%2Ftags&post=210585"}],"curies":[{"name":"wp","href":"https:\/\/api.w.org\/{rel}","templated":true}]}}