{"id":210583,"date":"2026-04-28T20:49:48","date_gmt":"2026-04-29T01:49:48","guid":{"rendered":"https:\/\/www.buroperiodistico.com.mx\/?p=210583"},"modified":"2026-04-28T20:49:48","modified_gmt":"2026-04-29T01:49:48","slug":"aqui-rio-bravo-por-daniel-enrique-romero-aleman-751","status":"publish","type":"post","link":"https:\/\/www.buroperiodistico.com.mx\/?p=210583","title":{"rendered":"AQU\u00cd R\u00cdO BRAVO\/ Por Daniel Enrique ROMERO ALEM\u00c1N"},"content":{"rendered":"<ul>\n<li><strong><em>QUE MANERA DE DESPERDICIAR RECURSOS<\/em><\/strong><\/li>\n<li><strong><em>NO TERMINA POR GANARSE EL RESPETO DE USA<\/em><\/strong><\/li>\n<li><strong><em>ES LA REUNI\u00d3N M\u00c1S IMPORTANTE DE SU GESTI\u00d3N<\/em><\/strong><\/li>\n<\/ul>\n<p><em><strong>(28-Abril-2026).-<\/strong><\/em> *La machacada soberan\u00eda de la presidenta CLAUDIA SHEINBAUM PARDO, ya cobr\u00f3 su primera v\u00edctima, y no fue un l\u00edder criminal, sino de C\u00c9SAR J\u00c1UREGUI, que era el fiscal de Justicia en Chihuahua.<\/p>\n<p>Bastaba con un simple llamado de atenci\u00f3n: \u201cQue no vuelva a ocurrir\u201d, eso de la intervenci\u00f3n de los agentes de la CIA en el combate contra los narcotraficantes; pero desde Palacio Nacional, fiscal\u00eda general de la Rep\u00fablica y el senado de la rep\u00fablica est\u00e1n haciendo tremendo alboroto y desperdiciando de manera bastarda tiempo y recursos econ\u00f3micos y humanos.<\/p>\n<p>Pero lo que quieren es la cabeza de la gobernadora MAR\u00cdA EUGENIA \u201cMaru\u201d CAMPOS, para subir los bonos de Morena de cara a las elecciones intermedias del 2027 en un lugar en donde gobierna en PAN; por eso est\u00e1n chingue y chingue.<\/p>\n<p>Todo este crucigrama chihuahuense le ha servido enormidades de \u201cLa Cuatrot\u00e9\u201d, para desviar la atenci\u00f3n por el desmadre que se trae en Petr\u00f3leos Mexicanos y la revocaci\u00f3n de visas americanas a los protagonistas de Morena, que est\u00e1n hasta el cuello en asuntos del narcotr\u00e1fico.<br \/>\n\u201cEl pueblo de M\u00e9xico tiene derecho a saber la verdad\u201d, dijo en su conferencia pueblerina ma\u00f1anera, de este martes, la presidenta Sheinbaum.<\/p>\n<p>En lo que a mi respecta, me vale puritita madres; y creo que eso mismo piensan miles y miles de mexicanos que ya estamos hasta el copete por la inseguridad que prevalece en el pa\u00eds, y que se acrecent\u00f3 con la llegada al poder de \u201cLa Cuatrot\u00e9\u201d, aunque les duela, pero es la verdad.<\/p>\n<p>*LA RECIENTE captura de otro criminal de alto perfil al que apodan al \u201cJardinero\u201d y no precisamente por dedicarse a la jardiner\u00eda sembrando flores, y el abatimiento hace ya varias semanas de Nemesio Oseguera \u201cEl Mencho\u201d que fuera la mera paipa del Cartel Jalisco Nueva Generaci\u00f3n, siguen sin convencer al presidente gringo DONALD TRUMP.<\/p>\n<p>No hay segundo en que no est\u00e9 duro y dale contra el gobierno de Sheinbaum.<\/p>\n<p>Se esperaba que con la reciente captura de AUDIAS FLORES SILVA y del abatimiento por las fuerzas federales de \u201cEl Mencho\u201d, har\u00eda que por fin el Gobierno de M\u00e9xico se ganara el respeto de los Estados Unidos, pero al parecer no.<\/p>\n<p>Y con el operativo en Chihuahua, desmantelando laboratorios en donde se cocinaban anfetaminas, con todo y agentes de la CIA; no ha sido suficiente para Trump, que a huevo quiere invadir el pa\u00eds.<\/p>\n<p>\u201cEl Jardinero\u201d es uno de los principales operadores del CJNG, es se\u00f1alado como posible relevo en la estructura criminal de \u201cEl Mencho\u201d, y su captura coloc\u00f3 de nuevo a la violencia del narcotr\u00e1fico en el centro de la agenda nacional, luego de que su detenci\u00f3n en Nayarit desatara una jornada de bloqueos, quema de veh\u00edculos y ataques a comercios, en un episodio que exhibe tanto la capacidad de reacci\u00f3n armada del grupo como la disputa abierta por la sucesi\u00f3n dentro de una de las organizaciones delictivas m\u00e1s poderosas del pa\u00eds.<\/p>\n<p>*PORQUE as\u00ed lo demanda el manual pol\u00edtico, el Mandatario Tamaulipeco AM\u00c9RICO VILLARREAL ANAYA, estuvo en la ciudad de M\u00e9xico para presentarle sus saludos al nuevo titular de la Agencia Nacional de Aduana H\u00c9CTOR ALFONSO ROMERO GUTI\u00c9RREZ.<\/p>\n<p>El doctor gobernador le present\u00f3, adem\u00e1s, los proyectos estrat\u00e9gicos como el Puerto Interior de Tamaulipas y la Administraci\u00f3n Portuaria Integral de Matamoros, que siguen avanzando de la mano del Gobierno de M\u00e9xico, que encabeza la presidenta CLAUDIA SHEINBAUM PARDO, para generar desarrollo y bienestar para los tamaulipecos(as).<\/p>\n<p>El gobernador Villarreal Anaya le puso de manifiesto la importancia y trascendencia de la contribuci\u00f3n de Tamaulipas, que destaca como el estado con mayor flujo comercial entre M\u00e9xico y Estados Unidos, a trav\u00e9s de los 19 cruces internacionales a lo largo de la frontera norte.<\/p>\n<p>Respecto al Puerto del Norte de Matamoros, el mandatario tamaulipeco expuso el Proyecto Integral de la Aduana de la API Matamoros, incluyendo la exposici\u00f3n ejecutiva del dise\u00f1o de la secci\u00f3n aduanera (edificio de aduana y ruta fiscal), vialidades, capacidad y flujo de carga, as\u00ed como tipos de carga a operar e ingresos proyectados.<\/p>\n<p>Lo acompa\u00f1aron en esta gira GUSTAVO GUZM\u00c1N FERN\u00c1NDEZ titular de la Administraci\u00f3n Portuaria Integral de Tamaulipas; ANABEL FLORES GARZA subsecretaria de Inversi\u00f3n de la Secretar\u00eda de Econom\u00eda del Estado, y EARL TUEXI AMARO secretario t\u00e9cnico de la Oficina del Gobernador.<\/p>\n<p>*RECIBIMIENTO de gente grande le dieron al presidente municipal de Suelo Riobravense MIGUEL \u00c1NGEL ALMARAZ MALDONADO, en la sede de la Canacintra en la Ciudad de M\u00e9xico, siendo recibido por la presidenta nacional MAR\u00cdA DE LOURDES ORTEGA.<\/p>\n<p>Aqu\u00ed tuvo mucho que ver ENRIQUE RAMOS, titular de dicho organismo empresarial en Suelo Riobravense.<\/p>\n<p>Al alcalde Almaraz Maldonado, le abrieron la cancha, as\u00ed que se dej\u00f3 caer en su presentaci\u00f3n de las oportunidades y ventajas competitivas de R\u00edo Bravo ante industriales de todo el pa\u00eds, y posicionar al municipio que gobierna como un destino firme y seguro para la inversi\u00f3n.<\/p>\n<p>A fuerza de ser sinceros esta es la reuni\u00f3n m\u00e1s importante y de enorme trascendencia que tiene Miguel \u00c1ngel, desde que asumi\u00f3 el poder, y ojal\u00e1 esa visita que hizo a la Ciudad de M\u00e9xico rinda frutos en poco tiempo.<\/p>\n<p>*PRESENCIA en el Tianguis Tur\u00edstico que se celebra en Acapulco, tiene el Gobierno Municipal de Suelo Neolaredense que preside CARMEN LILIA CANTUROSAS VILLARREAL; ello con el objetivo de fortalecer el desarrollo tur\u00edstico de la ciudad en sus distintas vertientes.<\/p>\n<p>En esta edici\u00f3n especial que conmemora el 50 aniversario del evento, considerado el m\u00e1s importante del sector tur\u00edstico en el pa\u00eds, la Direcci\u00f3n de Turismo de Nuevo Laredo promueve las acciones, proyectos y estrategias impulsadas por la actual administraci\u00f3n municipal para posicionar a la ciudad como un destino competitivo y en crecimiento.<\/p>\n<p>Con su participaci\u00f3n en este importante foro, el Gobierno Municipal reafirma su compromiso de impulsar el turismo como un motor de crecimiento econ\u00f3mico, generando nuevas oportunidades y consolidando a Nuevo Laredo como una ciudad con gran potencial tur\u00edstico.<\/p>\n<p>*EN UN D\u00cdA trascendental para la danza, la Universidad Aut\u00f3noma de Tamaulipas celebr\u00f3 la expresi\u00f3n corporal con un encuentro que reuni\u00f3 al talento universitario, exaltando el arte y la vinculaci\u00f3n de la instituci\u00f3n; lo encabez\u00f3 el rector D\u00c1MASO ANAYA ALVARADO al lado de su esposa ISOLDA REND\u00d3N, ante cientos de asistentes que disfrutaron de una velada art\u00edstica de ritmo y color, presentada por agrupaciones universitarias y compa\u00f1\u00edas de danza de esta capital.<\/p>\n<p>Fue un festejo en grande por el \u201cD\u00eda Internacional de la Danza\u201d.<\/p>\n<p>En parte de su mensaje el rector Anaya Alvarado, destac\u00f3 la importancia de generar espacios donde el talento, la creatividad y las expresiones art\u00edsticas encuentren respaldo institucional para proyectarse hacia la sociedad, y que estas actividades fortalecen la formaci\u00f3n integral del estudiantado, favorecen el desarrollo pleno de la comunidad universitaria y reflejan el compromiso de la UAT por impulsar iniciativas cercanas a la ciudadan\u00eda que promuevan sensibilidad, participaci\u00f3n y cohesi\u00f3n social.<\/p>\n<p>Como parte de esta conmemoraci\u00f3n, el escenario reuni\u00f3 a agrupaciones representativas de las diferentes facultades y unidades acad\u00e9micas del Campus Victoria, junto con compa\u00f1\u00edas locales invitadas, que ofrecieron una muestra plural de expresiones como hip hop, pole art y folklor; adem\u00e1s de danza a\u00e9rea, moderna, tahitiana y contempor\u00e1nea; as\u00ed como baile urbano y jazz.<\/p>\n<p>*PORQUE a\u00fan hay tiempo no se le pase felicitar este martes con motivo de sus cumplea\u00f1os a: YOLANDA G\u00d3MEZ, GRISELDA SAGASTEGUI, y GER\u00d3NIMO MORENO<\/p>\n<p>Un monumental abrazo y que vengan muchos m\u00e1s.<\/p>\n<p>Volveremos, HL\u2026DM\u2026<br \/>\nCorreo electr\u00f3nico: barre283@hotmail.com<\/p>\n","protected":false},"excerpt":{"rendered":"<p>QUE MANERA DE DESPERDICIAR RECURSOS NO TERMINA POR GANARSE EL RESPETO DE USA ES LA&#8230;<\/p>\n","protected":false},"author":1,"featured_media":163744,"comment_status":"closed","ping_status":"closed","sticky":false,"template":"","format":"standard","meta":{"footnotes":"","jetpack_publicize_message":"","jetpack_publicize_feature_enabled":true,"jetpack_social_post_already_shared":true,"jetpack_social_options":{"image_generator_settings":{"template":"highway","default_image_id":0,"font":"","enabled":false},"version":2}},"categories":[23],"tags":[],"class_list":["post-210583","post","type-post","status-publish","format-standard","has-post-thumbnail","hentry","category-columnas"],"jetpack_publicize_connections":[],"_links":{"self":[{"href":"https:\/\/www.buroperiodistico.com.mx\/index.php?rest_route=\/wp\/v2\/posts\/210583","targetHints":{"allow":["GET"]}}],"collection":[{"href":"https:\/\/www.buroperiodistico.com.mx\/index.php?rest_route=\/wp\/v2\/posts"}],"about":[{"href":"https:\/\/www.buroperiodistico.com.mx\/index.php?rest_route=\/wp\/v2\/types\/post"}],"author":[{"embeddable":true,"href":"https:\/\/www.buroperiodistico.com.mx\/index.php?rest_route=\/wp\/v2\/users\/1"}],"replies":[{"embeddable":true,"href":"https:\/\/www.buroperiodistico.com.mx\/index.php?rest_route=%2Fwp%2Fv2%2Fcomments&post=210583"}],"version-history":[{"count":1,"href":"https:\/\/www.buroperiodistico.com.mx\/index.php?rest_route=\/wp\/v2\/posts\/210583\/revisions"}],"predecessor-version":[{"id":210584,"href":"https:\/\/www.buroperiodistico.com.mx\/index.php?rest_route=\/wp\/v2\/posts\/210583\/revisions\/210584"}],"wp:featuredmedia":[{"embeddable":true,"href":"https:\/\/www.buroperiodistico.com.mx\/index.php?rest_route=\/wp\/v2\/media\/163744"}],"wp:attachment":[{"href":"https:\/\/www.buroperiodistico.com.mx\/index.php?rest_route=%2Fwp%2Fv2%2Fmedia&parent=210583"}],"wp:term":[{"taxonomy":"category","embeddable":true,"href":"https:\/\/www.buroperiodistico.com.mx\/index.php?rest_route=%2Fwp%2Fv2%2Fcategories&post=210583"},{"taxonomy":"post_tag","embeddable":true,"href":"https:\/\/www.buroperiodistico.com.mx\/index.php?rest_route=%2Fwp%2Fv2%2Ftags&post=210583"}],"curies":[{"name":"wp","href":"https:\/\/api.w.org\/{rel}","templated":true}]}}