{"id":210565,"date":"2026-04-28T20:29:03","date_gmt":"2026-04-29T01:29:03","guid":{"rendered":"https:\/\/www.buroperiodistico.com.mx\/?p=210565"},"modified":"2026-04-28T20:29:03","modified_gmt":"2026-04-29T01:29:03","slug":"fortalece-tamaulipas-su-desarrollo-logistico-con-obras-en-el-puerto-norte-de-matamoros","status":"publish","type":"post","link":"https:\/\/www.buroperiodistico.com.mx\/?p=210565","title":{"rendered":"Fortalece Tamaulipas su desarrollo log\u00edstico con obras en el Puerto Norte de Matamoros"},"content":{"rendered":"<p><em><strong><img loading=\"lazy\" decoding=\"async\" class=\" wp-image-210566 alignright\" src=\"https:\/\/www.buroperiodistico.com.mx\/wp-content\/uploads\/2026\/04\/SOPMatamoros.jpeg\" alt=\"\" width=\"520\" height=\"317\" srcset=\"https:\/\/www.buroperiodistico.com.mx\/wp-content\/uploads\/2026\/04\/SOPMatamoros.jpeg 1024w, https:\/\/www.buroperiodistico.com.mx\/wp-content\/uploads\/2026\/04\/SOPMatamoros-300x183.jpeg 300w, https:\/\/www.buroperiodistico.com.mx\/wp-content\/uploads\/2026\/04\/SOPMatamoros-768x468.jpeg 768w\" sizes=\"auto, (max-width: 520px) 100vw, 520px\" \/>Matamoros, Tamaulipas (28-Abril-2026).-<\/strong><\/em> El Gobierno del Estado, encabezado por el gobernador Am\u00e9rico Villarreal Anaya, impulsa la reactivaci\u00f3n estrat\u00e9gica del Puerto Norte de Matamoros mediante una inversi\u00f3n superior a 109 millones de pesos, con el objetivo de consolidarlo como un eje clave para el desarrollo econ\u00f3mico y comercial de la regi\u00f3n.<\/p>\n<p>El titular de la Secretar\u00eda de Obras P\u00fablicas, Pedro Cepeda Anaya, inform\u00f3 que se ejecutan trabajos de infraestructura orientados a fortalecer la operatividad del puerto y detonar nuevas oportunidades de inversi\u00f3n. Entre las acciones destacan la construcci\u00f3n de una barda perimetral, un tanque de almacenamiento con capacidad de mil metros c\u00fabicos, as\u00ed como la rehabilitaci\u00f3n y acondicionamiento de oficinas, \u00e1reas de campamento y obras complementarias.<\/p>\n<p>El funcionario se\u00f1al\u00f3 que estas acciones forman parte de la visi\u00f3n estatal para potenciar la conectividad, la log\u00edstica y la competitividad de Tamaulipas, posicionando al Puerto Norte de Matamoros como un punto estrat\u00e9gico para el comercio nacional e internacional.<\/p>\n<p>Asimismo, destac\u00f3 que este proyecto representa un avance significativo en la modernizaci\u00f3n de la infraestructura portuaria, alineado con los objetivos de desarrollo econ\u00f3mico y bienestar social en la entidad.<\/p>\n<p>Con estas inversiones, el Gobierno de Tamaulipas reafirma su compromiso de impulsar proyectos estrat\u00e9gicos que generen crecimiento econ\u00f3mico, empleo y mejores condiciones para un desarrollo sostenible.<\/p>\n<p><img loading=\"lazy\" decoding=\"async\" class=\"aligncenter size-full wp-image-210567\" src=\"https:\/\/www.buroperiodistico.com.mx\/wp-content\/uploads\/2026\/04\/SOPMatamoros-I.jpeg\" alt=\"\" width=\"640\" height=\"480\" srcset=\"https:\/\/www.buroperiodistico.com.mx\/wp-content\/uploads\/2026\/04\/SOPMatamoros-I.jpeg 640w, https:\/\/www.buroperiodistico.com.mx\/wp-content\/uploads\/2026\/04\/SOPMatamoros-I-300x225.jpeg 300w\" sizes=\"auto, (max-width: 640px) 100vw, 640px\" \/> <img loading=\"lazy\" decoding=\"async\" class=\"aligncenter size-full wp-image-210568\" src=\"https:\/\/www.buroperiodistico.com.mx\/wp-content\/uploads\/2026\/04\/SOPMatamoros-II.jpeg\" alt=\"\" width=\"640\" height=\"480\" srcset=\"https:\/\/www.buroperiodistico.com.mx\/wp-content\/uploads\/2026\/04\/SOPMatamoros-II.jpeg 640w, https:\/\/www.buroperiodistico.com.mx\/wp-content\/uploads\/2026\/04\/SOPMatamoros-II-300x225.jpeg 300w\" sizes=\"auto, (max-width: 640px) 100vw, 640px\" \/> <img loading=\"lazy\" decoding=\"async\" class=\"aligncenter size-full wp-image-210569\" src=\"https:\/\/www.buroperiodistico.com.mx\/wp-content\/uploads\/2026\/04\/SOPMatamoros-III.jpeg\" alt=\"\" width=\"640\" height=\"296\" srcset=\"https:\/\/www.buroperiodistico.com.mx\/wp-content\/uploads\/2026\/04\/SOPMatamoros-III.jpeg 640w, https:\/\/www.buroperiodistico.com.mx\/wp-content\/uploads\/2026\/04\/SOPMatamoros-III-300x139.jpeg 300w\" sizes=\"auto, (max-width: 640px) 100vw, 640px\" \/><\/p>\n","protected":false},"excerpt":{"rendered":"<p>Matamoros, Tamaulipas (28-Abril-2026).- El Gobierno del Estado, encabezado por el gobernador Am\u00e9rico Villarreal Anaya, impulsa&#8230;<\/p>\n","protected":false},"author":1,"featured_media":210566,"comment_status":"closed","ping_status":"closed","sticky":false,"template":"","format":"standard","meta":{"footnotes":"","jetpack_publicize_message":"","jetpack_publicize_feature_enabled":true,"jetpack_social_post_already_shared":true,"jetpack_social_options":{"image_generator_settings":{"template":"highway","default_image_id":0,"font":"","enabled":false},"version":2}},"categories":[10],"tags":[],"class_list":["post-210565","post","type-post","status-publish","format-standard","has-post-thumbnail","hentry","category-tamaulipas"],"jetpack_publicize_connections":[],"_links":{"self":[{"href":"https:\/\/www.buroperiodistico.com.mx\/index.php?rest_route=\/wp\/v2\/posts\/210565","targetHints":{"allow":["GET"]}}],"collection":[{"href":"https:\/\/www.buroperiodistico.com.mx\/index.php?rest_route=\/wp\/v2\/posts"}],"about":[{"href":"https:\/\/www.buroperiodistico.com.mx\/index.php?rest_route=\/wp\/v2\/types\/post"}],"author":[{"embeddable":true,"href":"https:\/\/www.buroperiodistico.com.mx\/index.php?rest_route=\/wp\/v2\/users\/1"}],"replies":[{"embeddable":true,"href":"https:\/\/www.buroperiodistico.com.mx\/index.php?rest_route=%2Fwp%2Fv2%2Fcomments&post=210565"}],"version-history":[{"count":2,"href":"https:\/\/www.buroperiodistico.com.mx\/index.php?rest_route=\/wp\/v2\/posts\/210565\/revisions"}],"predecessor-version":[{"id":210571,"href":"https:\/\/www.buroperiodistico.com.mx\/index.php?rest_route=\/wp\/v2\/posts\/210565\/revisions\/210571"}],"wp:featuredmedia":[{"embeddable":true,"href":"https:\/\/www.buroperiodistico.com.mx\/index.php?rest_route=\/wp\/v2\/media\/210566"}],"wp:attachment":[{"href":"https:\/\/www.buroperiodistico.com.mx\/index.php?rest_route=%2Fwp%2Fv2%2Fmedia&parent=210565"}],"wp:term":[{"taxonomy":"category","embeddable":true,"href":"https:\/\/www.buroperiodistico.com.mx\/index.php?rest_route=%2Fwp%2Fv2%2Fcategories&post=210565"},{"taxonomy":"post_tag","embeddable":true,"href":"https:\/\/www.buroperiodistico.com.mx\/index.php?rest_route=%2Fwp%2Fv2%2Ftags&post=210565"}],"curies":[{"name":"wp","href":"https:\/\/api.w.org\/{rel}","templated":true}]}}