{"id":210561,"date":"2026-04-28T20:23:45","date_gmt":"2026-04-29T01:23:45","guid":{"rendered":"https:\/\/www.buroperiodistico.com.mx\/?p=210561"},"modified":"2026-04-28T20:23:45","modified_gmt":"2026-04-29T01:23:45","slug":"impulsado-por-seguridad-y-conectividad-tamaulipas-brilla-en-el-tianguis-turistico","status":"publish","type":"post","link":"https:\/\/www.buroperiodistico.com.mx\/?p=210561","title":{"rendered":"Impulsado por seguridad y conectividad, Tamaulipas brilla en el Tianguis Tur\u00edstico"},"content":{"rendered":"<ul>\n<li><em><strong>Su amplio y variado mosaico tur\u00edstico lo posiciona como uno de los estados con mayor potencial de crecimiento tur\u00edstico en M\u00e9xico<\/strong><\/em><\/li>\n<\/ul>\n<p><em><strong><img loading=\"lazy\" decoding=\"async\" class=\" wp-image-210563 alignright\" src=\"https:\/\/www.buroperiodistico.com.mx\/wp-content\/uploads\/2026\/04\/STUTuristico.jpeg\" alt=\"\" width=\"483\" height=\"311\" srcset=\"https:\/\/www.buroperiodistico.com.mx\/wp-content\/uploads\/2026\/04\/STUTuristico.jpeg 1024w, https:\/\/www.buroperiodistico.com.mx\/wp-content\/uploads\/2026\/04\/STUTuristico-300x193.jpeg 300w, https:\/\/www.buroperiodistico.com.mx\/wp-content\/uploads\/2026\/04\/STUTuristico-768x495.jpeg 768w\" sizes=\"auto, (max-width: 483px) 100vw, 483px\" \/>Acapulco, Guerrero (28-Abril-2026).-<\/strong><\/em> Con altas expectativas de crecimiento y un impulso sin precedentes, Tamaulipas llega con fuerza al Tianguis Tur\u00edstico 2026 en su edici\u00f3n 50, que se celebra en el emblem\u00e1tico puerto de Acapulco, uno de los eventos m\u00e1s importantes y prestigiosos de la industria tur\u00edstica de M\u00e9xico y Am\u00e9rica Latina.<\/p>\n<p>Benjam\u00edn Hern\u00e1ndez Rodr\u00edguez, secretario de Turismo en Tamaulipas dijo que \u201cbajo el liderazgo visionario del gobernador Am\u00e9rico Villarreal Anaya, el estado ha consolidado la seguridad, la infraestructura y la conectividad como pilares estrat\u00e9gicos que hoy devuelven la confianza plena a los turistas nacionales e internacionales, posicionando a Tamaulipas como uno de los destinos con mayor proyecci\u00f3n y potencial de crecimiento en el pa\u00eds\u201d.<\/p>\n<p>El Tianguis Tur\u00edstico re\u00fane a compradores, operadores tur\u00edsticos y expositores de diversos pa\u00edses, consolid\u00e1ndose como la plataforma m\u00e1s relevante para la generaci\u00f3n de negocios, alianzas estrat\u00e9gicas y la atracci\u00f3n de visitantes a gran escala.<\/p>\n<p>En este sentido, dijo que no solo se apuesta al turismo de sol y playa, sino tambi\u00e9n por segmentos como el turismo de reuniones, de aventura, cineg\u00e9tico, de negocios, religioso, deportivo y de salud, entre otros.<\/p>\n<p>\u201cNuestro estado tiene programadas citas de negocios con operadores internacionales, agencias de viajes y aerol\u00edneas, buscando ampliar su conectividad y presencia en mercados estrat\u00e9gicos\u201d, refiri\u00f3 el funcionario estatal.<\/p>\n<p>Con esto se abre un nuevo cap\u00edtulo para el sector tur\u00edstico nacional, donde estados como Tamaulipas apuestan por una promoci\u00f3n renovada, moderna y una visi\u00f3n clara de crecimiento sostenido que beneficie directamente a sus comunidades.<\/p>\n<p>En una ceremonia oficial, inauguraron el stand de Tamaulipas la secretaria de Turismo del Gobierno de M\u00e9xico, Josefina Rodr\u00edguez Zamora; el secretario de Turismo del estado de Tamaulipas, Benjam\u00edn Hern\u00e1ndez Rodr\u00edguez; las presidentas municipales de Tampico, M\u00f3nica Villarreal Anaya, y de Soto la Marina, Glynnis Jim\u00e9nez V\u00e1zquez, as\u00ed como el presidente municipal de Tula, Ren\u00e9 Lara Cisneros.<\/p>\n<p><img loading=\"lazy\" decoding=\"async\" class=\"aligncenter size-full wp-image-210562\" src=\"https:\/\/www.buroperiodistico.com.mx\/wp-content\/uploads\/2026\/04\/STUTuristico-I.jpeg\" alt=\"\" width=\"640\" height=\"426\" srcset=\"https:\/\/www.buroperiodistico.com.mx\/wp-content\/uploads\/2026\/04\/STUTuristico-I.jpeg 640w, https:\/\/www.buroperiodistico.com.mx\/wp-content\/uploads\/2026\/04\/STUTuristico-I-300x200.jpeg 300w\" sizes=\"auto, (max-width: 640px) 100vw, 640px\" \/><\/p>\n","protected":false},"excerpt":{"rendered":"<p>Su amplio y variado mosaico tur\u00edstico lo posiciona como uno de los estados con mayor&#8230;<\/p>\n","protected":false},"author":1,"featured_media":210563,"comment_status":"closed","ping_status":"closed","sticky":false,"template":"","format":"standard","meta":{"footnotes":"","jetpack_publicize_message":"","jetpack_publicize_feature_enabled":true,"jetpack_social_post_already_shared":true,"jetpack_social_options":{"image_generator_settings":{"template":"highway","default_image_id":0,"font":"","enabled":false},"version":2}},"categories":[10],"tags":[],"class_list":["post-210561","post","type-post","status-publish","format-standard","has-post-thumbnail","hentry","category-tamaulipas"],"jetpack_publicize_connections":[],"_links":{"self":[{"href":"https:\/\/www.buroperiodistico.com.mx\/index.php?rest_route=\/wp\/v2\/posts\/210561","targetHints":{"allow":["GET"]}}],"collection":[{"href":"https:\/\/www.buroperiodistico.com.mx\/index.php?rest_route=\/wp\/v2\/posts"}],"about":[{"href":"https:\/\/www.buroperiodistico.com.mx\/index.php?rest_route=\/wp\/v2\/types\/post"}],"author":[{"embeddable":true,"href":"https:\/\/www.buroperiodistico.com.mx\/index.php?rest_route=\/wp\/v2\/users\/1"}],"replies":[{"embeddable":true,"href":"https:\/\/www.buroperiodistico.com.mx\/index.php?rest_route=%2Fwp%2Fv2%2Fcomments&post=210561"}],"version-history":[{"count":1,"href":"https:\/\/www.buroperiodistico.com.mx\/index.php?rest_route=\/wp\/v2\/posts\/210561\/revisions"}],"predecessor-version":[{"id":210564,"href":"https:\/\/www.buroperiodistico.com.mx\/index.php?rest_route=\/wp\/v2\/posts\/210561\/revisions\/210564"}],"wp:featuredmedia":[{"embeddable":true,"href":"https:\/\/www.buroperiodistico.com.mx\/index.php?rest_route=\/wp\/v2\/media\/210563"}],"wp:attachment":[{"href":"https:\/\/www.buroperiodistico.com.mx\/index.php?rest_route=%2Fwp%2Fv2%2Fmedia&parent=210561"}],"wp:term":[{"taxonomy":"category","embeddable":true,"href":"https:\/\/www.buroperiodistico.com.mx\/index.php?rest_route=%2Fwp%2Fv2%2Fcategories&post=210561"},{"taxonomy":"post_tag","embeddable":true,"href":"https:\/\/www.buroperiodistico.com.mx\/index.php?rest_route=%2Fwp%2Fv2%2Ftags&post=210561"}],"curies":[{"name":"wp","href":"https:\/\/api.w.org\/{rel}","templated":true}]}}