{"id":210556,"date":"2026-04-28T20:08:13","date_gmt":"2026-04-29T01:08:13","guid":{"rendered":"https:\/\/www.buroperiodistico.com.mx\/?p=210556"},"modified":"2026-04-28T20:08:13","modified_gmt":"2026-04-29T01:08:13","slug":"cronicas-politicas-por-alberto-guerra-salazar-689","status":"publish","type":"post","link":"https:\/\/www.buroperiodistico.com.mx\/?p=210556","title":{"rendered":"CRONICAS POLITICAS\/ Por Alberto Guerra Salazar"},"content":{"rendered":"<p><strong><em>28 DE ABRIL 2026<\/em><\/strong><\/p>\n<p style=\"text-align: center;\"><strong>Busca Am\u00e9rico oportunidades<\/strong><\/p>\n<p>CIUDAD VICTORIA, (ASI).- M\u00e1s de cuarenta negocios comerciales de Nuevo Laredo han aceptado hasta ahora, participar en el programa de promoci\u00f3n \u201cHecho en M\u00e9xico\u201d y \u201cHecho en Tamaulipas\u201d, gracias a que los ha ayudado a crecer y posicionarse en el mercado estatal y nacional.<\/p>\n<p>Se trata de un programa establecido de manera coordinada por el gobierno del Estado y el Ayuntamiento que encabeza Carmen Lilia Cant\u00farosas Villarreal, que ha resultado exitoso en el corto plazo.<\/p>\n<p>De manera coordinada, lo gobiernos estatal y municipal constataron que los negocios neolaredenses cumplieron con los requerimientos necesarios para acceder a los apoyos de la Secretar\u00eda de Econom\u00eda y recibir estos distintivos con los que podr\u00e1n impulsar sus productos en otros puntos fuera de la entidad.<\/p>\n<p>\u201cGracias a los apoyos del gobierno municipal y del gobierno del Estado, hemos podido remodelar nuestros negocios, crecer y dar trabajo a m\u00e1s familias, y adem\u00e1s hoy ya nos identifican en la ciudad, lo que nos permite avanzar\u201d.<\/p>\n<p>De esta manera se expres\u00f3 Rosaelia Tejeda, quien comparti\u00f3 su experiencia tras integrarse a estos programas.<\/p>\n<p>En tanto que Mar\u00eda Hern\u00e1ndez destac\u00f3 que la participaci\u00f3n en bazares y eventos organizados por el municipio de Nuevo Laredo, han sido clave para ampliar su alcance.<\/p>\n<p>\u201cNos han invitado a muchos espacios donde podemos vender y darnos a conocer; eso nos ha ayudado much\u00edsimo a llegar a m\u00e1s personas y a hacer crecer nuestro negocio\u201d, se\u00f1al\u00f3.<\/p>\n<p>Del mismo modo, Janet S\u00e1nchez resalt\u00f3 el acompa\u00f1amiento recibido durante todo el proceso de formalizaci\u00f3n.<\/p>\n<p>\u201cEl gobierno nos ha guiado desde el registro de la marca hasta obtener distintivos como \u201cHecho en Tamaulipas\u201d y \u201cHecho en M\u00e9xico\u201d; ha sido un apoyo muy importante para consolidar nuestro proyecto\u201d coment\u00f3 el ciudadano beneficiado.<\/p>\n<p>El Ayuntamiento de Nuevo Laredo ha reiterado que estos distintivos no solo fortalecen la identidad local, sino que tambi\u00e9n generan confianza en los consumidores y facilitan la integraci\u00f3n de los productos neolaredenses en nuevos mercados.<\/p>\n<p>\u201cEstoy muy agradecida con la presidenta municipal de Nuevo Laredo porque gracias a estos programas, capacitaciones y bazares, nuestros negocios est\u00e1n creciendo y se nos est\u00e1n abriendo m\u00e1s oportunidades\u201d, afirm\u00f3 Elizabeth del Angel, reconociendo as\u00ed el respaldo directo de la administraci\u00f3n municipal para el crecimiento de su empresa.<\/p>\n<p>Por su parte, el Gobernador Am\u00e9rico Villarreal Anaya se entrevist\u00f3 en la Ciudad de M\u00e9xico con el flamante titular de la Agencia Nacional de Aduanas, H\u00e9ctor Alonso Romero Guti\u00e9rrez, a quien present\u00f3 proyectos estrat\u00e9gicos.<\/p>\n<p>Se trata del Puerto Interior de Tamaulipas y la Administraci\u00f3n Portuaria Integral de Matamoros, que siguen avanzando de la mano del gobierno de M\u00e9xico, para generar desarrollo y bienestar para los tamaulipecos, seg\u00fan rezan los boletines de prensa.<\/p>\n<p>En su encuentro con los encumbrados funcionarios de la Ciudad de M\u00e9xico, el mandatario cuerudo puso de manifiesto la importancia y trascendencia de la contribuci\u00f3n de Tamaulipas, que destaco como el Estado con mayor flujo comercial entre M\u00e9xico y Estados Unidos, a trav\u00e9s de los 19 cruces internacionales a lo largo de la frontera norte.<\/p>\n<p>En este encuentro acompa\u00f1aron al Gobernador, el titular de la Administraci\u00f3n Portuaria Integral Gustavo Guzm\u00e1n Fern\u00e1ndez; la sub-secretaria de inversi\u00f3n de la Secretar\u00eda estatal de Econom\u00eda, Anabel Flores Garza, y el secretario t\u00e9cnico de la Oficina del Gobernador, Earl Tuexi Amaro.<\/p>\n<p>Por su parte, el Rector de la Universidad Aut\u00f3noma de Tamaulipas, D\u00e1maso Anaya Alvarado, junto con su esposa, la licenciada Isolda Rend\u00f3n de Anaya, encabez\u00f3 el festejo conmemorativo del D\u00eda Internacional de la Danza, con una velada art\u00edstica de ritmo y color.<\/p>\n<p>El evento se llev\u00f3 a cabo en el Teatro Amalia Gonz\u00e1lez Caballero de Castillo Led\u00f3n, ante cientos de asistentes que disfrutaron de una presentaci\u00f3n art\u00edstica de ritmo y color, a cargo de agrupaciones universitarias y compa\u00f1\u00edas de danza de la capital tamaulipeca.<\/p>\n<p>El Rector Anaya emiti\u00f3 un mensaje donde hizo destacar la importancia de generar espacios donde el talento, la creatividad y las expresiones art\u00edsticas, encuentren respaldo instituciona, para proyectarse hacia la sociedad.<\/p>\n<p>Subray\u00f3 que estas actividades fortalecen la formaci\u00f3n integral del estudiantado, favorecen el desarrollo pleno de la comunidad universitaria y reflejan el compromiso de la UAT por impulsar iniciativas cercanas a la ciudadan\u00eda que promueven sensibilidad, participaci\u00f3n y cohesi\u00f3n social.<\/p>\n<p>Correo electr\u00f3nico: albertoguerra65@hotmail.com<\/p>\n","protected":false},"excerpt":{"rendered":"<p>28 DE ABRIL 2026 Busca Am\u00e9rico oportunidades CIUDAD VICTORIA, (ASI).- M\u00e1s de cuarenta negocios comerciales&#8230;<\/p>\n","protected":false},"author":1,"featured_media":149413,"comment_status":"closed","ping_status":"closed","sticky":false,"template":"","format":"standard","meta":{"footnotes":"","jetpack_publicize_message":"","jetpack_publicize_feature_enabled":true,"jetpack_social_post_already_shared":true,"jetpack_social_options":{"image_generator_settings":{"template":"highway","default_image_id":0,"font":"","enabled":false},"version":2}},"categories":[23],"tags":[],"class_list":["post-210556","post","type-post","status-publish","format-standard","has-post-thumbnail","hentry","category-columnas"],"jetpack_publicize_connections":[],"_links":{"self":[{"href":"https:\/\/www.buroperiodistico.com.mx\/index.php?rest_route=\/wp\/v2\/posts\/210556","targetHints":{"allow":["GET"]}}],"collection":[{"href":"https:\/\/www.buroperiodistico.com.mx\/index.php?rest_route=\/wp\/v2\/posts"}],"about":[{"href":"https:\/\/www.buroperiodistico.com.mx\/index.php?rest_route=\/wp\/v2\/types\/post"}],"author":[{"embeddable":true,"href":"https:\/\/www.buroperiodistico.com.mx\/index.php?rest_route=\/wp\/v2\/users\/1"}],"replies":[{"embeddable":true,"href":"https:\/\/www.buroperiodistico.com.mx\/index.php?rest_route=%2Fwp%2Fv2%2Fcomments&post=210556"}],"version-history":[{"count":1,"href":"https:\/\/www.buroperiodistico.com.mx\/index.php?rest_route=\/wp\/v2\/posts\/210556\/revisions"}],"predecessor-version":[{"id":210557,"href":"https:\/\/www.buroperiodistico.com.mx\/index.php?rest_route=\/wp\/v2\/posts\/210556\/revisions\/210557"}],"wp:featuredmedia":[{"embeddable":true,"href":"https:\/\/www.buroperiodistico.com.mx\/index.php?rest_route=\/wp\/v2\/media\/149413"}],"wp:attachment":[{"href":"https:\/\/www.buroperiodistico.com.mx\/index.php?rest_route=%2Fwp%2Fv2%2Fmedia&parent=210556"}],"wp:term":[{"taxonomy":"category","embeddable":true,"href":"https:\/\/www.buroperiodistico.com.mx\/index.php?rest_route=%2Fwp%2Fv2%2Fcategories&post=210556"},{"taxonomy":"post_tag","embeddable":true,"href":"https:\/\/www.buroperiodistico.com.mx\/index.php?rest_route=%2Fwp%2Fv2%2Ftags&post=210556"}],"curies":[{"name":"wp","href":"https:\/\/api.w.org\/{rel}","templated":true}]}}