{"id":210548,"date":"2026-04-28T19:10:17","date_gmt":"2026-04-29T00:10:17","guid":{"rendered":"https:\/\/www.buroperiodistico.com.mx\/?p=210548"},"modified":"2026-04-28T19:10:17","modified_gmt":"2026-04-29T00:10:17","slug":"activan-protocolos-de-prevencion-a-traves-del-comite-estatal-de-seguridad-en-salud","status":"publish","type":"post","link":"https:\/\/www.buroperiodistico.com.mx\/?p=210548","title":{"rendered":"Activan protocolos de prevenci\u00f3n a trav\u00e9s del Comit\u00e9 Estatal de Seguridad en Salud"},"content":{"rendered":"<ul>\n<li><em><strong>Ante onda de calor, temporada de huracanes y el mundial de futbol 2026<\/strong><\/em><\/li>\n<\/ul>\n<p><strong><img loading=\"lazy\" decoding=\"async\" class=\" wp-image-210551 alignright\" src=\"https:\/\/www.buroperiodistico.com.mx\/wp-content\/uploads\/2026\/04\/Comitedeseguridadensalud.jpeg\" alt=\"\" width=\"473\" height=\"289\" srcset=\"https:\/\/www.buroperiodistico.com.mx\/wp-content\/uploads\/2026\/04\/Comitedeseguridadensalud.jpeg 1024w, https:\/\/www.buroperiodistico.com.mx\/wp-content\/uploads\/2026\/04\/Comitedeseguridadensalud-300x183.jpeg 300w, https:\/\/www.buroperiodistico.com.mx\/wp-content\/uploads\/2026\/04\/Comitedeseguridadensalud-768x470.jpeg 768w\" sizes=\"auto, (max-width: 473px) 100vw, 473px\" \/>Ciudad Victoria, Tamaulipas (28-Abril-2026).-<\/strong> Bajo el enfoque de una sola salud y mantener una \u00a0organizaci\u00f3n intersectorial activa para la atenci\u00f3n de las emergencias sanitarias, se llev\u00f3 a cabo la primera Reuni\u00f3n Ordinaria del Comit\u00e9 Estatal de Seguridad en Salud (CESS), en donde se tom\u00f3 protesta a los integrantes que habr\u00e1n de desempe\u00f1ar las funciones encomendadas y se realiz\u00f3 la firma del acta de actualizaci\u00f3n.<\/p>\n<p>En representaci\u00f3n de la secretaria de Salud, Adriana Marcela Hern\u00e1ndez Campos, la directora General de Pol\u00edticas de Salud y Bienestar Poblacional, Sergia Ju\u00e1rez Delgado, presidi\u00f3 los trabajos de esta jornada en la que se tomaron acuerdos para avanzar en la erradicaci\u00f3n del sarampi\u00f3n, activar los protocolos para la temporada de huracanes y la presencia del calor, aunado a la preparaci\u00f3n sanitaria y epidemiol\u00f3gica ante la Copa Mundial de Futbol 2026.<\/p>\n<p>\u201cEl impacto de las enfermedades en la salud de la poblaci\u00f3n, evidencian la magnitud de los retos que enfrentamos y la importancia de actuar de manera anticipada, organizada y conjunta; y en esta primera reuni\u00f3n del CESS, reafirmamos nuestro compromiso institucional de fortalecer la coordinaci\u00f3n intersectorial en beneficio de las y los tamaulipecos\u201d, dijo Ju\u00e1rez Delgado durante su participaci\u00f3n.<\/p>\n<p>En este contexto, se present\u00f3 la situaci\u00f3n actual del sarampi\u00f3n en el estado, destacando que a la fecha seguimos sin casos de este padecimiento, aunado a que la estrategia federal de vacunaci\u00f3n intensiva, que se llevar\u00eda a cabo en 70 d\u00edas, se logr\u00f3 la meta de aplicaci\u00f3n de las vacunas en 68 d\u00edas.<\/p>\n<p>Pesa a que actualmente no se registran casos, el Comit\u00e9 acord\u00f3 mantener el cerco epidemiol\u00f3gico y la alerta sanitaria, debido al movimiento migratorio y la cercan\u00eda con estados que registran casos como Nuevo Le\u00f3n, Veracruz y San Luis Potos\u00ed.<\/p>\n<p>Como parte del programa, la Comisi\u00f3n Nacional del Agua, a cargo del jefe del Departamento de Hidroclimatolog\u00eda y Meteorolog\u00eda del Organismo Cuenca Golfo Norte, \u00d3scar Joel Posada Torres, present\u00f3 el pron\u00f3stico de la Temporada de Huracanes, se\u00f1alando que se estiman de 11 a 15 en este a\u00f1o y que dar\u00e1n inicio en el mes de mayo.<\/p>\n<p><img loading=\"lazy\" decoding=\"async\" class=\"size-full wp-image-210549 alignleft\" src=\"https:\/\/www.buroperiodistico.com.mx\/wp-content\/uploads\/2026\/04\/Comitedeseguridadensalud-I.jpeg\" alt=\"\" width=\"640\" height=\"427\" srcset=\"https:\/\/www.buroperiodistico.com.mx\/wp-content\/uploads\/2026\/04\/Comitedeseguridadensalud-I.jpeg 640w, https:\/\/www.buroperiodistico.com.mx\/wp-content\/uploads\/2026\/04\/Comitedeseguridadensalud-I-300x200.jpeg 300w\" sizes=\"auto, (max-width: 640px) 100vw, 640px\" \/>En este sentido, el CESS activa el Comando Operativo para la atenci\u00f3n de este tipo de fen\u00f3meno natural y la implementaci\u00f3n de la respuesta sanitaria en las fases de preparaci\u00f3n, respuesta y recuperaci\u00f3n de los da\u00f1os que podr\u00edan ocasionar.<\/p>\n<p>En lo referente a la temporada de calor, en donde se estiman de 4 a 5 ondas de calor en territorio tamaulipeco, y en donde actualmente se registra la primera del a\u00f1o, se pronostica que los d\u00edas 29 y 30 de abril y 1 de mayo se presentar\u00e1n d\u00edas cr\u00edticos de calor con valor m\u00e1ximo a los 40 grados cent\u00edgrados; y en los meses de mayo y junio las temperaturas podr\u00edan superar los 38 grados cent\u00edgrados.<\/p>\n<p>Ante este panorama, se emiten las recomendaciones para protecci\u00f3n de la poblaci\u00f3n y se analizan los 5 criterios cl\u00ednicos para evitar da\u00f1os serios a la salud como son los calambres por calor, insolaci\u00f3n, deshidrataci\u00f3n, lesiones t\u00e9rmicas y el golpe de calor.<\/p>\n<p>Ante la vulnerabilidad geogr\u00e1fica en la que se encuentra Tamaulipas, con el inicio del Mundial de Futbol 2026 que generar\u00e1 un movimiento significativo poblacional, el CESS present\u00f3 el Plan Estatal para la Seguridad en Salud para garantizar la atenci\u00f3n m\u00e9dica oportuna, eficiente y coordinada ante cualquier eventualidad.<\/p>\n<p>Para este evento y prevenir los riesgos que se pudieran generar, como la reintroducci\u00f3n del sarampi\u00f3n y cualquier tipo de vector, la Secretar\u00eda de Salud, como eje rector, operar\u00e1 el Plan de Seguridad en coordinaci\u00f3n con todo el Sector, el cual se enfoca a fortalecer la cobertura de atenci\u00f3n, en la que se incluye la prehospitalaria a trav\u00e9s del CRUM y en puntos estrat\u00e9gicos, para coordinar la atenci\u00f3n de emergencias de manera adecuada.<\/p>\n<p>En este encuentro, en el que se da continuidad al compromiso del gobernador Am\u00e9rico Villarreal Anaya, de cuidar la salud de la poblaci\u00f3n tamaulipeca, se traduce en acciones y compromisos que marcan una ruta clara, como es el fortalecer la vigilancia epidemiol\u00f3gica, consolidar acciones preventivas y garantizar una respuesta oportuna ante cualquier emergencia sanitaria.<\/p>\n<p>La primera reuni\u00f3n del CESS se llev\u00f3 a cabo en las instalaciones de la Facultad de Enfermer\u00eda de esta ciudad y se cont\u00f3 con la asistencia del coordinador Estatal del IMSS Bienestar, Marggid Antonio Rodr\u00edguez Avenda\u00f1o; el Titular del \u00d3rgano de Operaci\u00f3n Administrativa Desconcentrado del IMSS, Jos\u00e9 Luis Aranza Aguilar; el comisionado Estatal para la Protecci\u00f3n contra Riesgos Sanitarios, Mario Alberto Rebolledo Urc\u00e1diz; la directora de la Facultad de Enfermer\u00eda, Mar\u00eda Guadalupe V\u00e1zquez Salazar; el director General de Coordinaci\u00f3n de Servicios M\u00e9dicos, Calidad y Ense\u00f1anza, Carlos Arturo Gonz\u00e1lez Castro; la directora General de Planeaci\u00f3n y Desarrollo del Sector Salud, Loyda Ram\u00edrez L\u00f3pez; el director de Epidemiolog\u00eda Estatal, Sergio Uriegas Camargo, entre otros representantes.<\/p>\n<p><img loading=\"lazy\" decoding=\"async\" class=\"aligncenter size-full wp-image-210550\" src=\"https:\/\/www.buroperiodistico.com.mx\/wp-content\/uploads\/2026\/04\/Comitedeseguridadensalud-II.jpeg\" alt=\"\" width=\"640\" height=\"427\" srcset=\"https:\/\/www.buroperiodistico.com.mx\/wp-content\/uploads\/2026\/04\/Comitedeseguridadensalud-II.jpeg 640w, https:\/\/www.buroperiodistico.com.mx\/wp-content\/uploads\/2026\/04\/Comitedeseguridadensalud-II-300x200.jpeg 300w\" sizes=\"auto, (max-width: 640px) 100vw, 640px\" \/><\/p>\n","protected":false},"excerpt":{"rendered":"<p>Ante onda de calor, temporada de huracanes y el mundial de futbol 2026 Ciudad Victoria,&#8230;<\/p>\n","protected":false},"author":1,"featured_media":210551,"comment_status":"closed","ping_status":"closed","sticky":false,"template":"","format":"standard","meta":{"footnotes":"","jetpack_publicize_message":"","jetpack_publicize_feature_enabled":true,"jetpack_social_post_already_shared":true,"jetpack_social_options":{"image_generator_settings":{"template":"highway","default_image_id":0,"font":"","enabled":false},"version":2}},"categories":[10],"tags":[],"class_list":["post-210548","post","type-post","status-publish","format-standard","has-post-thumbnail","hentry","category-tamaulipas"],"jetpack_publicize_connections":[],"_links":{"self":[{"href":"https:\/\/www.buroperiodistico.com.mx\/index.php?rest_route=\/wp\/v2\/posts\/210548","targetHints":{"allow":["GET"]}}],"collection":[{"href":"https:\/\/www.buroperiodistico.com.mx\/index.php?rest_route=\/wp\/v2\/posts"}],"about":[{"href":"https:\/\/www.buroperiodistico.com.mx\/index.php?rest_route=\/wp\/v2\/types\/post"}],"author":[{"embeddable":true,"href":"https:\/\/www.buroperiodistico.com.mx\/index.php?rest_route=\/wp\/v2\/users\/1"}],"replies":[{"embeddable":true,"href":"https:\/\/www.buroperiodistico.com.mx\/index.php?rest_route=%2Fwp%2Fv2%2Fcomments&post=210548"}],"version-history":[{"count":1,"href":"https:\/\/www.buroperiodistico.com.mx\/index.php?rest_route=\/wp\/v2\/posts\/210548\/revisions"}],"predecessor-version":[{"id":210552,"href":"https:\/\/www.buroperiodistico.com.mx\/index.php?rest_route=\/wp\/v2\/posts\/210548\/revisions\/210552"}],"wp:featuredmedia":[{"embeddable":true,"href":"https:\/\/www.buroperiodistico.com.mx\/index.php?rest_route=\/wp\/v2\/media\/210551"}],"wp:attachment":[{"href":"https:\/\/www.buroperiodistico.com.mx\/index.php?rest_route=%2Fwp%2Fv2%2Fmedia&parent=210548"}],"wp:term":[{"taxonomy":"category","embeddable":true,"href":"https:\/\/www.buroperiodistico.com.mx\/index.php?rest_route=%2Fwp%2Fv2%2Fcategories&post=210548"},{"taxonomy":"post_tag","embeddable":true,"href":"https:\/\/www.buroperiodistico.com.mx\/index.php?rest_route=%2Fwp%2Fv2%2Ftags&post=210548"}],"curies":[{"name":"wp","href":"https:\/\/api.w.org\/{rel}","templated":true}]}}