{"id":210539,"date":"2026-04-28T18:07:09","date_gmt":"2026-04-28T23:07:09","guid":{"rendered":"https:\/\/www.buroperiodistico.com.mx\/?p=210539"},"modified":"2026-04-28T18:07:09","modified_gmt":"2026-04-28T23:07:09","slug":"impulsa-gobierno-de-nuevo-laredo-inclusion-y-reconocimiento-al-talento-de-personas-con-discapacidad","status":"publish","type":"post","link":"https:\/\/www.buroperiodistico.com.mx\/?p=210539","title":{"rendered":"IMPULSA GOBIERNO DE NUEVO LAREDO INCLUSI\u00d3N Y RECONOCIMIENTO AL TALENTO DE PERSONAS CON DISCAPACIDAD"},"content":{"rendered":"<p><em><strong><img loading=\"lazy\" decoding=\"async\" class=\" wp-image-210540 alignright\" src=\"https:\/\/www.buroperiodistico.com.mx\/wp-content\/uploads\/2026\/04\/INmx.jpg\" alt=\"\" width=\"601\" height=\"325\" srcset=\"https:\/\/www.buroperiodistico.com.mx\/wp-content\/uploads\/2026\/04\/INmx.jpg 1110w, https:\/\/www.buroperiodistico.com.mx\/wp-content\/uploads\/2026\/04\/INmx-300x162.jpg 300w, https:\/\/www.buroperiodistico.com.mx\/wp-content\/uploads\/2026\/04\/INmx-1024x554.jpg 1024w, https:\/\/www.buroperiodistico.com.mx\/wp-content\/uploads\/2026\/04\/INmx-768x415.jpg 768w\" sizes=\"auto, (max-width: 601px) 100vw, 601px\" \/>Nuevo Laredo, Tam (28-Abril-2026).-<\/strong><\/em> Con el objetivo de fomentar el respeto, la inclusi\u00f3n y el reconocimiento de las capacidades de las personas con discapacidad, el Gobierno Estatal y el Gobierno Municipal, a trav\u00e9s de la Direcci\u00f3n de Vinculaci\u00f3n Social, llevaron a cabo un evento donde se destacaron diversas expresiones art\u00edsticas y culturales.<\/p>\n<p>Con la presencia del Secretario ejecutivo de SIPRODDIS del Gobierno del Estado, Brayan Arellano Rodriguez; directora de Vinculaci\u00f3n Social, Julia Ortega de los Santos, inform\u00f3 que esta actividad se realiza en coordinaci\u00f3n con autoridades de la zona norte del estado, contando adem\u00e1s con la participaci\u00f3n del secretario ejecutivo y con el respaldo de la presidenta municipal, Carmen Lilia Canturosas Villarreal.<\/p>\n<p>Durante el evento, personas con discapacidad presentaron sus talentos en disciplinas como poes\u00eda, canto y pintura, mostrando sus habilidades ante estudiantes de instituciones como la UPN, la Escuela Normal y la UAT, particularmente de la carrera de Psicolog\u00eda, quienes fueron invitados para fortalecer la sensibilizaci\u00f3n social.<\/p>\n<p>\u201cEstamos presentando los talentos de personas con discapacidad, que son personas extraordinarias con grandes capacidades. Muchas veces no se les toma en cuenta, pero tienen mucho que aportar a nuestra sociedad; por eso queremos que m\u00e1s gente los conozca y valore todo lo que pueden hacer\u201d, expres\u00f3 Ortega de los Santos.<\/p>\n<p>Destac\u00f3 que este tipo de espacios son fundamentales para visibilizar a este sector de la poblaci\u00f3n y promover una cultura de respeto e inclusi\u00f3n en la ciudad, ya que a\u00fan existe desconocimiento sobre sus capacidades y aportaciones.<\/p>\n<p>Ortega de los Santos se\u00f1al\u00f3 que el Gobierno Municipal brinda el respaldo necesario para la realizaci\u00f3n de estas actividades, facilitando el acceso a escuelas, instituciones y sectores sociales, adem\u00e1s de promover campa\u00f1as de concientizaci\u00f3n, como las dirigidas a operadores del transporte p\u00fablico, con el fin de reforzar el respeto hacia las personas con discapacidad.<\/p>\n<p>La funcionaria agreg\u00f3 que, tras el evento, se sostendr\u00e1 una reuni\u00f3n de trabajo con autoridades estatales para dar seguimiento a las estrategias del programa y continuar fortaleciendo las acciones en favor de este sector.<\/p>\n","protected":false},"excerpt":{"rendered":"<p>Nuevo Laredo, Tam (28-Abril-2026).- Con el objetivo de fomentar el respeto, la inclusi\u00f3n y el&#8230;<\/p>\n","protected":false},"author":1,"featured_media":210540,"comment_status":"closed","ping_status":"closed","sticky":false,"template":"","format":"standard","meta":{"footnotes":"","jetpack_publicize_message":"","jetpack_publicize_feature_enabled":true,"jetpack_social_post_already_shared":true,"jetpack_social_options":{"image_generator_settings":{"template":"highway","default_image_id":0,"font":"","enabled":false},"version":2}},"categories":[16],"tags":[],"class_list":["post-210539","post","type-post","status-publish","format-standard","has-post-thumbnail","hentry","category-nuevolaredo"],"jetpack_publicize_connections":[],"_links":{"self":[{"href":"https:\/\/www.buroperiodistico.com.mx\/index.php?rest_route=\/wp\/v2\/posts\/210539","targetHints":{"allow":["GET"]}}],"collection":[{"href":"https:\/\/www.buroperiodistico.com.mx\/index.php?rest_route=\/wp\/v2\/posts"}],"about":[{"href":"https:\/\/www.buroperiodistico.com.mx\/index.php?rest_route=\/wp\/v2\/types\/post"}],"author":[{"embeddable":true,"href":"https:\/\/www.buroperiodistico.com.mx\/index.php?rest_route=\/wp\/v2\/users\/1"}],"replies":[{"embeddable":true,"href":"https:\/\/www.buroperiodistico.com.mx\/index.php?rest_route=%2Fwp%2Fv2%2Fcomments&post=210539"}],"version-history":[{"count":1,"href":"https:\/\/www.buroperiodistico.com.mx\/index.php?rest_route=\/wp\/v2\/posts\/210539\/revisions"}],"predecessor-version":[{"id":210541,"href":"https:\/\/www.buroperiodistico.com.mx\/index.php?rest_route=\/wp\/v2\/posts\/210539\/revisions\/210541"}],"wp:featuredmedia":[{"embeddable":true,"href":"https:\/\/www.buroperiodistico.com.mx\/index.php?rest_route=\/wp\/v2\/media\/210540"}],"wp:attachment":[{"href":"https:\/\/www.buroperiodistico.com.mx\/index.php?rest_route=%2Fwp%2Fv2%2Fmedia&parent=210539"}],"wp:term":[{"taxonomy":"category","embeddable":true,"href":"https:\/\/www.buroperiodistico.com.mx\/index.php?rest_route=%2Fwp%2Fv2%2Fcategories&post=210539"},{"taxonomy":"post_tag","embeddable":true,"href":"https:\/\/www.buroperiodistico.com.mx\/index.php?rest_route=%2Fwp%2Fv2%2Ftags&post=210539"}],"curies":[{"name":"wp","href":"https:\/\/api.w.org\/{rel}","templated":true}]}}