{"id":210536,"date":"2026-04-28T18:05:05","date_gmt":"2026-04-28T23:05:05","guid":{"rendered":"https:\/\/www.buroperiodistico.com.mx\/?p=210536"},"modified":"2026-04-28T18:05:05","modified_gmt":"2026-04-28T23:05:05","slug":"emprendedores-locales-reciben-distintivos-hecho-en-mexico-y-hecho-en-tamaulipas","status":"publish","type":"post","link":"https:\/\/www.buroperiodistico.com.mx\/?p=210536","title":{"rendered":"EMPRENDEDORES LOCALES RECIBEN DISTINTIVOS \u201cHECHO EN M\u00c9XICO\u201d Y \u201cHECHO EN TAMAULIPAS\u201d"},"content":{"rendered":"<p><em><strong><img loading=\"lazy\" decoding=\"async\" class=\" wp-image-210537 alignright\" src=\"https:\/\/www.buroperiodistico.com.mx\/wp-content\/uploads\/2026\/04\/Nlx.jpg\" alt=\"\" width=\"555\" height=\"300\" srcset=\"https:\/\/www.buroperiodistico.com.mx\/wp-content\/uploads\/2026\/04\/Nlx.jpg 1110w, https:\/\/www.buroperiodistico.com.mx\/wp-content\/uploads\/2026\/04\/Nlx-300x162.jpg 300w, https:\/\/www.buroperiodistico.com.mx\/wp-content\/uploads\/2026\/04\/Nlx-1024x554.jpg 1024w, https:\/\/www.buroperiodistico.com.mx\/wp-content\/uploads\/2026\/04\/Nlx-768x415.jpg 768w\" sizes=\"auto, (max-width: 555px) 100vw, 555px\" \/>Nuevo Laredo, Tam (28-Abril-2026).-<\/strong><\/em> Como parte de la estrategia para fortalecer la econom\u00eda local y respaldar a las y los emprendedores, y gracias al trabajo coordinado del Gobierno del Estado y el Gobierno Municipal, alrededor de 40 negocios locales recibieron el distintivo \u201cHecho en M\u00e9xico\u201d y \u201cHecho en Tamaulipas\u201d, programa que los ha ayudado a crecer y posicionarse en el mercado estatal y nacional.<\/p>\n<p>Gracias al trabajo colaborativo de los gobiernos municipal y estatal, los negocios neolaredenses cumplieron con los requerimientos necesarios para acceder a los apoyos de la Secretar\u00eda de Econom\u00eda y recibir estos distintivos con los que podr\u00e1n impulsar sus productos en otros puntos fuera de la entidad.<\/p>\n<p>\u201cGracias a los apoyos del gobierno municipal y estatal hemos podido remodelar nuestro negocio, crecer y dar trabajo a m\u00e1s familias; adem\u00e1s, hoy ya nos identifican en la ciudad, lo que nos ha permitido posicionarnos y seguir avanzando\u201d, expres\u00f3 Rosaelia Tejeda, quien comparti\u00f3 su experiencia tras integrarse a estos programas.<\/p>\n<p>Por su parte, Mar\u00eda Hern\u00e1ndez, destac\u00f3 que la participaci\u00f3n en bazares y eventos organizados por el municipio ha sido clave para ampliar su alcance.<\/p>\n<p>\u201cNos han invitado a muchos espacios donde podemos vender y darnos a conocer; eso nos ha ayudado much\u00edsimo a llegar a m\u00e1s personas y a crecer nuestro negocio\u201d, se\u00f1al\u00f3.<\/p>\n<p>Del mismo modo, Janet S\u00e1nchez, resalt\u00f3 el acompa\u00f1amiento recibido durante todo el proceso de formalizaci\u00f3n. \u201cEl gobierno nos ha guiado desde el registro de la marca hasta obtener distintivos como \u2018Hecho en Tamaulipas\u2019 y \u2018Hecho en M\u00e9xico\u2019; ha sido un apoyo muy importante para consolidar nuestro proyecto\u201d, coment\u00f3 la ciudadana beneficiada.<\/p>\n<p>El Gobierno Municipal reitera que estos distintivos no s\u00f3lo fortalecen la identidad local, sino que tambi\u00e9n generan confianza en los consumidores y facilitan la integraci\u00f3n de los productos neolaredenses en nuevos mercados.<\/p>\n<p>\u201cEstoy muy agradecida con la presidenta municipal porque gracias a estos programas, capacitaciones y bazares, nuestros negocios est\u00e1n creciendo y se nos est\u00e1n abriendo m\u00e1s oportunidades\u201d, afirm\u00f3 Elizabeth del \u00c1ngel, reconociendo as\u00ed el respaldo directo de la administraci\u00f3n municipal para el crecimiento de su empresa.<\/p>\n<p>Con estas acciones, la administraci\u00f3n encabezada por Carmen Lilia Canturosas Villarreal reafirma su compromiso de impulsar el desarrollo econ\u00f3mico, apoyar a los emprendedores y generar m\u00e1s oportunidades para las familias de Nuevo Laredo, consolidando una ciudad con mayor crecimiento y competitividad.<\/p>\n","protected":false},"excerpt":{"rendered":"<p>Nuevo Laredo, Tam (28-Abril-2026).- Como parte de la estrategia para fortalecer la econom\u00eda local y&#8230;<\/p>\n","protected":false},"author":1,"featured_media":210537,"comment_status":"closed","ping_status":"closed","sticky":false,"template":"","format":"standard","meta":{"footnotes":"","jetpack_publicize_message":"","jetpack_publicize_feature_enabled":true,"jetpack_social_post_already_shared":true,"jetpack_social_options":{"image_generator_settings":{"template":"highway","default_image_id":0,"font":"","enabled":false},"version":2}},"categories":[16],"tags":[],"class_list":["post-210536","post","type-post","status-publish","format-standard","has-post-thumbnail","hentry","category-nuevolaredo"],"jetpack_publicize_connections":[],"_links":{"self":[{"href":"https:\/\/www.buroperiodistico.com.mx\/index.php?rest_route=\/wp\/v2\/posts\/210536","targetHints":{"allow":["GET"]}}],"collection":[{"href":"https:\/\/www.buroperiodistico.com.mx\/index.php?rest_route=\/wp\/v2\/posts"}],"about":[{"href":"https:\/\/www.buroperiodistico.com.mx\/index.php?rest_route=\/wp\/v2\/types\/post"}],"author":[{"embeddable":true,"href":"https:\/\/www.buroperiodistico.com.mx\/index.php?rest_route=\/wp\/v2\/users\/1"}],"replies":[{"embeddable":true,"href":"https:\/\/www.buroperiodistico.com.mx\/index.php?rest_route=%2Fwp%2Fv2%2Fcomments&post=210536"}],"version-history":[{"count":1,"href":"https:\/\/www.buroperiodistico.com.mx\/index.php?rest_route=\/wp\/v2\/posts\/210536\/revisions"}],"predecessor-version":[{"id":210538,"href":"https:\/\/www.buroperiodistico.com.mx\/index.php?rest_route=\/wp\/v2\/posts\/210536\/revisions\/210538"}],"wp:featuredmedia":[{"embeddable":true,"href":"https:\/\/www.buroperiodistico.com.mx\/index.php?rest_route=\/wp\/v2\/media\/210537"}],"wp:attachment":[{"href":"https:\/\/www.buroperiodistico.com.mx\/index.php?rest_route=%2Fwp%2Fv2%2Fmedia&parent=210536"}],"wp:term":[{"taxonomy":"category","embeddable":true,"href":"https:\/\/www.buroperiodistico.com.mx\/index.php?rest_route=%2Fwp%2Fv2%2Fcategories&post=210536"},{"taxonomy":"post_tag","embeddable":true,"href":"https:\/\/www.buroperiodistico.com.mx\/index.php?rest_route=%2Fwp%2Fv2%2Ftags&post=210536"}],"curies":[{"name":"wp","href":"https:\/\/api.w.org\/{rel}","templated":true}]}}