{"id":210526,"date":"2026-04-28T17:50:37","date_gmt":"2026-04-28T22:50:37","guid":{"rendered":"https:\/\/www.buroperiodistico.com.mx\/?p=210526"},"modified":"2026-04-28T17:50:37","modified_gmt":"2026-04-28T22:50:37","slug":"comparece-secretario-de-educacion-ante-el-congreso-destacan-avances-y-retos-para-fortalecer-la-ensenanza-en-tamaulipas","status":"publish","type":"post","link":"https:\/\/www.buroperiodistico.com.mx\/?p=210526","title":{"rendered":"Comparece Secretario de Educaci\u00f3n ante el Congreso; destacan avances y retos para fortalecer la ense\u00f1anza en Tamaulipas"},"content":{"rendered":"<p><em><strong><img loading=\"lazy\" decoding=\"async\" class=\" wp-image-210527 alignright\" src=\"https:\/\/www.buroperiodistico.com.mx\/wp-content\/uploads\/2026\/04\/Crecex.jpeg\" alt=\"\" width=\"536\" height=\"338\" srcset=\"https:\/\/www.buroperiodistico.com.mx\/wp-content\/uploads\/2026\/04\/Crecex.jpeg 1024w, https:\/\/www.buroperiodistico.com.mx\/wp-content\/uploads\/2026\/04\/Crecex-300x189.jpeg 300w, https:\/\/www.buroperiodistico.com.mx\/wp-content\/uploads\/2026\/04\/Crecex-768x485.jpeg 768w\" sizes=\"auto, (max-width: 536px) 100vw, 536px\" \/>Cd. Victoria, Tam (28-Abril-2026).-<\/strong><\/em> En el marco de la glosa del Cuarto Informe de Gobierno, el Congreso del Estado recibi\u00f3 en comparecencia al titular de la Secretar\u00eda de Educaci\u00f3n de Tamaulipas, Doctor Miguel \u00c1ngel Valdez Garc\u00eda, quien present\u00f3 ante el Pleno los avances, retos y acciones estrat\u00e9gicas que impulsa el Gobierno del Estado para fortalecer el sistema educativo.<\/p>\n<p>Durante su intervenci\u00f3n, el secretario destac\u00f3 que la transformaci\u00f3n educativa en Tamaulipas se desarrolla bajo una visi\u00f3n humanista centrada en garantizar el derecho a la educaci\u00f3n, con atenci\u00f3n a m\u00e1s de un mill\u00f3n de estudiantes a trav\u00e9s de siete mil escuelas y el trabajo de 55 mil maestras y maestros.<\/p>\n<p>Expuso que mediante la agenda estrat\u00e9gica Tamaulipas Educa, integrada por 10 compromisos y 100 acciones, se busca fortalecer indicadores educativos, ampliar la cobertura y atender desaf\u00edos como la violencia escolar, la inclusi\u00f3n y las nuevas necesidades del sistema educativo.<\/p>\n<p>Entre los avances presentados sobresalen la apertura de nuevos espacios de educaci\u00f3n media superior, la instalaci\u00f3n de la primera sede del Instituto Polit\u00e9cnico Nacional en modalidad Polivirtual en la entidad, el posicionamiento de Tamaulipas en cobertura de educaci\u00f3n superior, la capacitaci\u00f3n de m\u00e1s de 19 mil figuras educativas, as\u00ed como una inversi\u00f3n superior a 827 millones de pesos en infraestructura educativa.<\/p>\n<p>Asimismo, inform\u00f3 sobre apoyos en becas, entrega de \u00fatiles y uniformes escolares, acciones de conectividad para planteles, fortalecimiento cient\u00edfico y tecnol\u00f3gico, as\u00ed como estrategias de profesionalizaci\u00f3n y justicia laboral para el magisterio.<\/p>\n<p>Durante los posicionamientos de las distintas fuerzas pol\u00edticas representadas en la Legislatura 66, diputadas y diputados coincidieron en reconocer la relevancia de la educaci\u00f3n como eje de desarrollo y plantearon retos en materia de calidad educativa, inclusi\u00f3n, seguridad en los planteles, infraestructura y transparencia.<\/p>\n<p>Por Morena, la diputada Yuriria Iturbe V\u00e1zquez reconoci\u00f3 los avances en inclusi\u00f3n, permanencia escolar, fortalecimiento docente e infraestructura, adem\u00e1s de destacar la coordinaci\u00f3n entre el Poder Legislativo y la Secretar\u00eda de Educaci\u00f3n para impulsar acciones y marcos legales en favor del sector.<\/p>\n<p>La diputada Mercedes del Carmen Guill\u00e9n Vicente, en representaci\u00f3n del PRI, destac\u00f3 la importancia de fortalecer la calidad del aprendizaje, la equidad en el acceso y la transparencia en el sistema educativo, en beneficio de las familias tamaulipecas.<\/p>\n<p>Por Movimiento Ciudadano, el diputado Juan Carlos Zertuche Romero reconoci\u00f3 avances en infraestructura, atenci\u00f3n estudiantil y capacitaci\u00f3n docente, al tiempo que se\u00f1al\u00f3 la importancia de que estos esfuerzos se traduzcan en mejores aprendizajes y mayores oportunidades para las y los estudiantes.<\/p>\n<p>En representaci\u00f3n del PAN, el diputado Jos\u00e9 Abdo Checaib\u00e1n Ongay plante\u00f3 temas relacionados con calidad educativa, inclusi\u00f3n, formaci\u00f3n en valores, seguridad en las escuelas y mejores condiciones materiales para los planteles.<\/p>\n<p>Al cierre de la comparecencia, el secretario Miguel \u00c1ngel Valdez Garc\u00eda reiter\u00f3 su compromiso de continuar fortaleciendo la transformaci\u00f3n educativa desde una visi\u00f3n integral, al se\u00f1alar que la educaci\u00f3n no debe reducirse a infraestructura o estad\u00edsticas, sino enfocarse en formar mejores personas, ciudadanos comprometidos y comunidades m\u00e1s s\u00f3lidas.<\/p>\n<p>En ese sentido, afirm\u00f3 que \u201csi quisi\u00e9ramos resumir la agenda estrat\u00e9gica Tamaulipas Educa, as\u00ed la pondr\u00edamos: mejores escuelas, mejores maestros, pero sobre todo mejores personas humanas\u201d, refrendando adem\u00e1s la disposici\u00f3n de trabajar en coordinaci\u00f3n con el Poder Legislativo para seguir impulsando una educaci\u00f3n con mayor inclusi\u00f3n, calidad y fortalecimiento de los aprendizajes.<\/p>\n","protected":false},"excerpt":{"rendered":"<p>Cd. Victoria, Tam (28-Abril-2026).- En el marco de la glosa del Cuarto Informe de Gobierno,&#8230;<\/p>\n","protected":false},"author":1,"featured_media":210527,"comment_status":"closed","ping_status":"closed","sticky":false,"template":"","format":"standard","meta":{"footnotes":"","jetpack_publicize_message":"","jetpack_publicize_feature_enabled":true,"jetpack_social_post_already_shared":true,"jetpack_social_options":{"image_generator_settings":{"template":"highway","default_image_id":0,"font":"","enabled":false},"version":2}},"categories":[17],"tags":[],"class_list":["post-210526","post","type-post","status-publish","format-standard","has-post-thumbnail","hentry","category-ciudadvictoria"],"jetpack_publicize_connections":[],"_links":{"self":[{"href":"https:\/\/www.buroperiodistico.com.mx\/index.php?rest_route=\/wp\/v2\/posts\/210526","targetHints":{"allow":["GET"]}}],"collection":[{"href":"https:\/\/www.buroperiodistico.com.mx\/index.php?rest_route=\/wp\/v2\/posts"}],"about":[{"href":"https:\/\/www.buroperiodistico.com.mx\/index.php?rest_route=\/wp\/v2\/types\/post"}],"author":[{"embeddable":true,"href":"https:\/\/www.buroperiodistico.com.mx\/index.php?rest_route=\/wp\/v2\/users\/1"}],"replies":[{"embeddable":true,"href":"https:\/\/www.buroperiodistico.com.mx\/index.php?rest_route=%2Fwp%2Fv2%2Fcomments&post=210526"}],"version-history":[{"count":2,"href":"https:\/\/www.buroperiodistico.com.mx\/index.php?rest_route=\/wp\/v2\/posts\/210526\/revisions"}],"predecessor-version":[{"id":210529,"href":"https:\/\/www.buroperiodistico.com.mx\/index.php?rest_route=\/wp\/v2\/posts\/210526\/revisions\/210529"}],"wp:featuredmedia":[{"embeddable":true,"href":"https:\/\/www.buroperiodistico.com.mx\/index.php?rest_route=\/wp\/v2\/media\/210527"}],"wp:attachment":[{"href":"https:\/\/www.buroperiodistico.com.mx\/index.php?rest_route=%2Fwp%2Fv2%2Fmedia&parent=210526"}],"wp:term":[{"taxonomy":"category","embeddable":true,"href":"https:\/\/www.buroperiodistico.com.mx\/index.php?rest_route=%2Fwp%2Fv2%2Fcategories&post=210526"},{"taxonomy":"post_tag","embeddable":true,"href":"https:\/\/www.buroperiodistico.com.mx\/index.php?rest_route=%2Fwp%2Fv2%2Ftags&post=210526"}],"curies":[{"name":"wp","href":"https:\/\/api.w.org\/{rel}","templated":true}]}}