{"id":210499,"date":"2026-04-28T16:46:19","date_gmt":"2026-04-28T21:46:19","guid":{"rendered":"https:\/\/www.buroperiodistico.com.mx\/?p=210499"},"modified":"2026-04-28T16:46:19","modified_gmt":"2026-04-28T21:46:19","slug":"presenta-americo-proyecto-aduanero-de-puerto-de-matamoros","status":"publish","type":"post","link":"https:\/\/www.buroperiodistico.com.mx\/?p=210499","title":{"rendered":"PRESENTA AM\u00c9RICO PROYECTO ADUANERO DE PUERTO DE MATAMOROS"},"content":{"rendered":"<p><em><strong><img loading=\"lazy\" decoding=\"async\" class=\" wp-image-210503 alignright\" src=\"https:\/\/www.buroperiodistico.com.mx\/wp-content\/uploads\/2026\/04\/Avax-1.jpeg\" alt=\"\" width=\"534\" height=\"326\" srcset=\"https:\/\/www.buroperiodistico.com.mx\/wp-content\/uploads\/2026\/04\/Avax-1.jpeg 1024w, https:\/\/www.buroperiodistico.com.mx\/wp-content\/uploads\/2026\/04\/Avax-1-300x183.jpeg 300w, https:\/\/www.buroperiodistico.com.mx\/wp-content\/uploads\/2026\/04\/Avax-1-768x469.jpeg 768w\" sizes=\"auto, (max-width: 534px) 100vw, 534px\" \/>CDMX (28-Abril-2026).-<\/strong><\/em> Esta ma\u00f1ana el gobernador Am\u00e9rico Villarreal Anaya present\u00f3 a las m\u00e1ximas autoridades de la Agencia Nacional de Aduanas el proyecto de Administraci\u00f3n Portuaria Integral de Matamoros, en la capital del pa\u00eds.<\/p>\n<p>\u201cIniciamos este martes desde la CDMX, donde tuvimos la oportunidad de dialogar con el nuevo titular de la Agencia Nacional de Aduanas M\u00e9xico, H\u00e9ctor Alonso Romero Guti\u00e9rrez\u201d, explic\u00f3 el Jefe del Ejecutivo de Tamaulipas.<\/p>\n<p>Este proyecto busca posicionar al estado como paso clave portuario a las mercanc\u00edas que tienen como destino el Este de Estados Unidos.<br \/>\n\u201cPresentamos proyectos estrat\u00e9gicos como el Puerto Interior de Tamaulipas y la Administraci\u00f3n Portuaria Integral de Matamoros, que siguen avanzando de la mano del Gobierno de M\u00e9xico para generar desarrollo y bienestar para nuestra gente\u201d, destac\u00f3.<\/p>\n<p><img loading=\"lazy\" decoding=\"async\" class=\"aligncenter size-full wp-image-210500\" src=\"https:\/\/www.buroperiodistico.com.mx\/wp-content\/uploads\/2026\/04\/Avax-I-2.jpeg\" alt=\"\" width=\"640\" height=\"427\" srcset=\"https:\/\/www.buroperiodistico.com.mx\/wp-content\/uploads\/2026\/04\/Avax-I-2.jpeg 640w, https:\/\/www.buroperiodistico.com.mx\/wp-content\/uploads\/2026\/04\/Avax-I-2-300x200.jpeg 300w\" sizes=\"auto, (max-width: 640px) 100vw, 640px\" \/> <img loading=\"lazy\" decoding=\"async\" class=\"aligncenter size-full wp-image-210502\" src=\"https:\/\/www.buroperiodistico.com.mx\/wp-content\/uploads\/2026\/04\/Avax-III.jpeg\" alt=\"\" width=\"640\" height=\"427\" srcset=\"https:\/\/www.buroperiodistico.com.mx\/wp-content\/uploads\/2026\/04\/Avax-III.jpeg 640w, https:\/\/www.buroperiodistico.com.mx\/wp-content\/uploads\/2026\/04\/Avax-III-300x200.jpeg 300w\" sizes=\"auto, (max-width: 640px) 100vw, 640px\" \/> <img loading=\"lazy\" decoding=\"async\" class=\"aligncenter size-full wp-image-210501\" src=\"https:\/\/www.buroperiodistico.com.mx\/wp-content\/uploads\/2026\/04\/Avax-II-1.jpeg\" alt=\"\" width=\"640\" height=\"426\" srcset=\"https:\/\/www.buroperiodistico.com.mx\/wp-content\/uploads\/2026\/04\/Avax-II-1.jpeg 640w, https:\/\/www.buroperiodistico.com.mx\/wp-content\/uploads\/2026\/04\/Avax-II-1-300x200.jpeg 300w\" sizes=\"auto, (max-width: 640px) 100vw, 640px\" \/><\/p>\n","protected":false},"excerpt":{"rendered":"<p>CDMX (28-Abril-2026).- Esta ma\u00f1ana el gobernador Am\u00e9rico Villarreal Anaya present\u00f3 a las m\u00e1ximas autoridades de&#8230;<\/p>\n","protected":false},"author":1,"featured_media":210503,"comment_status":"closed","ping_status":"closed","sticky":false,"template":"","format":"standard","meta":{"footnotes":"","jetpack_publicize_message":"","jetpack_publicize_feature_enabled":true,"jetpack_social_post_already_shared":true,"jetpack_social_options":{"image_generator_settings":{"template":"highway","default_image_id":0,"font":"","enabled":false},"version":2}},"categories":[11,25],"tags":[],"class_list":["post-210499","post","type-post","status-publish","format-standard","has-post-thumbnail","hentry","category-nacional","category-portada"],"jetpack_publicize_connections":[],"_links":{"self":[{"href":"https:\/\/www.buroperiodistico.com.mx\/index.php?rest_route=\/wp\/v2\/posts\/210499","targetHints":{"allow":["GET"]}}],"collection":[{"href":"https:\/\/www.buroperiodistico.com.mx\/index.php?rest_route=\/wp\/v2\/posts"}],"about":[{"href":"https:\/\/www.buroperiodistico.com.mx\/index.php?rest_route=\/wp\/v2\/types\/post"}],"author":[{"embeddable":true,"href":"https:\/\/www.buroperiodistico.com.mx\/index.php?rest_route=\/wp\/v2\/users\/1"}],"replies":[{"embeddable":true,"href":"https:\/\/www.buroperiodistico.com.mx\/index.php?rest_route=%2Fwp%2Fv2%2Fcomments&post=210499"}],"version-history":[{"count":1,"href":"https:\/\/www.buroperiodistico.com.mx\/index.php?rest_route=\/wp\/v2\/posts\/210499\/revisions"}],"predecessor-version":[{"id":210504,"href":"https:\/\/www.buroperiodistico.com.mx\/index.php?rest_route=\/wp\/v2\/posts\/210499\/revisions\/210504"}],"wp:featuredmedia":[{"embeddable":true,"href":"https:\/\/www.buroperiodistico.com.mx\/index.php?rest_route=\/wp\/v2\/media\/210503"}],"wp:attachment":[{"href":"https:\/\/www.buroperiodistico.com.mx\/index.php?rest_route=%2Fwp%2Fv2%2Fmedia&parent=210499"}],"wp:term":[{"taxonomy":"category","embeddable":true,"href":"https:\/\/www.buroperiodistico.com.mx\/index.php?rest_route=%2Fwp%2Fv2%2Fcategories&post=210499"},{"taxonomy":"post_tag","embeddable":true,"href":"https:\/\/www.buroperiodistico.com.mx\/index.php?rest_route=%2Fwp%2Fv2%2Ftags&post=210499"}],"curies":[{"name":"wp","href":"https:\/\/api.w.org\/{rel}","templated":true}]}}