{"id":210490,"date":"2026-04-28T15:46:39","date_gmt":"2026-04-28T20:46:39","guid":{"rendered":"https:\/\/www.buroperiodistico.com.mx\/?p=210490"},"modified":"2026-04-28T15:46:39","modified_gmt":"2026-04-28T20:46:39","slug":"convocan-a-reynosenses-a-la-preseleccion-nacional-de-voleibol","status":"publish","type":"post","link":"https:\/\/www.buroperiodistico.com.mx\/?p=210490","title":{"rendered":"Convocan a reynosenses a la Preselecci\u00f3n Nacional de Voleibol"},"content":{"rendered":"<p><em><strong><img loading=\"lazy\" decoding=\"async\" class=\" wp-image-210491 alignright\" src=\"https:\/\/www.buroperiodistico.com.mx\/wp-content\/uploads\/2026\/04\/Voleiox.jpeg\" alt=\"\" width=\"525\" height=\"346\" srcset=\"https:\/\/www.buroperiodistico.com.mx\/wp-content\/uploads\/2026\/04\/Voleiox.jpeg 1024w, https:\/\/www.buroperiodistico.com.mx\/wp-content\/uploads\/2026\/04\/Voleiox-300x197.jpeg 300w, https:\/\/www.buroperiodistico.com.mx\/wp-content\/uploads\/2026\/04\/Voleiox-768x506.jpeg 768w, https:\/\/www.buroperiodistico.com.mx\/wp-content\/uploads\/2026\/04\/Voleiox-720x475.jpeg 720w\" sizes=\"auto, (max-width: 525px) 100vw, 525px\" \/>Reynosa, Tam (28-Abril-2026).-<\/strong><\/em> El Alcalde Carlos Pe\u00f1a Ortiz felicit\u00f3 a los voleibolistas reynosenses Jos\u00e9 Alfredo de la Garza Mart\u00ednez y Jes\u00fas Joel L\u00f3pez Hinojosa, quienes fueron convocados a la Preselecci\u00f3n Nacional U19 de Voleibol, destacando su talento y dedicaci\u00f3n en esta disciplina.<\/p>\n<p>El Gobierno de Reynosa reconoci\u00f3 el esfuerzo de ambos deportistas, quienes con disciplina y constancia han logrado posicionarse entre los mejores del pa\u00eds, poniendo en alto el nombre de Reynosa.<\/p>\n<p>El Instituto Municipal del Deporte brind\u00f3 su respaldo durante el proceso de preparaci\u00f3n de los seleccionados, as\u00ed como el acompa\u00f1amiento del entrenador Jorge \u00c1lvarez, quien ha sido pieza clave en su desarrollo y formaci\u00f3n deportiva.<\/p>\n<p>#Reynosaimparable<\/p>\n","protected":false},"excerpt":{"rendered":"<p>Reynosa, Tam (28-Abril-2026).- El Alcalde Carlos Pe\u00f1a Ortiz felicit\u00f3 a los voleibolistas reynosenses Jos\u00e9 Alfredo&#8230;<\/p>\n","protected":false},"author":1,"featured_media":210491,"comment_status":"closed","ping_status":"closed","sticky":false,"template":"","format":"standard","meta":{"footnotes":"","jetpack_publicize_message":"","jetpack_publicize_feature_enabled":true,"jetpack_social_post_already_shared":true,"jetpack_social_options":{"image_generator_settings":{"template":"highway","default_image_id":0,"font":"","enabled":false},"version":2}},"categories":[9],"tags":[],"class_list":["post-210490","post","type-post","status-publish","format-standard","has-post-thumbnail","hentry","category-reynosa"],"jetpack_publicize_connections":[],"_links":{"self":[{"href":"https:\/\/www.buroperiodistico.com.mx\/index.php?rest_route=\/wp\/v2\/posts\/210490","targetHints":{"allow":["GET"]}}],"collection":[{"href":"https:\/\/www.buroperiodistico.com.mx\/index.php?rest_route=\/wp\/v2\/posts"}],"about":[{"href":"https:\/\/www.buroperiodistico.com.mx\/index.php?rest_route=\/wp\/v2\/types\/post"}],"author":[{"embeddable":true,"href":"https:\/\/www.buroperiodistico.com.mx\/index.php?rest_route=\/wp\/v2\/users\/1"}],"replies":[{"embeddable":true,"href":"https:\/\/www.buroperiodistico.com.mx\/index.php?rest_route=%2Fwp%2Fv2%2Fcomments&post=210490"}],"version-history":[{"count":1,"href":"https:\/\/www.buroperiodistico.com.mx\/index.php?rest_route=\/wp\/v2\/posts\/210490\/revisions"}],"predecessor-version":[{"id":210492,"href":"https:\/\/www.buroperiodistico.com.mx\/index.php?rest_route=\/wp\/v2\/posts\/210490\/revisions\/210492"}],"wp:featuredmedia":[{"embeddable":true,"href":"https:\/\/www.buroperiodistico.com.mx\/index.php?rest_route=\/wp\/v2\/media\/210491"}],"wp:attachment":[{"href":"https:\/\/www.buroperiodistico.com.mx\/index.php?rest_route=%2Fwp%2Fv2%2Fmedia&parent=210490"}],"wp:term":[{"taxonomy":"category","embeddable":true,"href":"https:\/\/www.buroperiodistico.com.mx\/index.php?rest_route=%2Fwp%2Fv2%2Fcategories&post=210490"},{"taxonomy":"post_tag","embeddable":true,"href":"https:\/\/www.buroperiodistico.com.mx\/index.php?rest_route=%2Fwp%2Fv2%2Ftags&post=210490"}],"curies":[{"name":"wp","href":"https:\/\/api.w.org\/{rel}","templated":true}]}}