{"id":210486,"date":"2026-04-28T15:32:02","date_gmt":"2026-04-28T20:32:02","guid":{"rendered":"https:\/\/www.buroperiodistico.com.mx\/?p=210486"},"modified":"2026-04-28T15:32:02","modified_gmt":"2026-04-28T20:32:02","slug":"continuan-comparecencias-exponen-avances-y-retos-en-materia-hidrica-para-tamaulipas","status":"publish","type":"post","link":"https:\/\/www.buroperiodistico.com.mx\/?p=210486","title":{"rendered":"Contin\u00faan comparecencias; exponen avances y retos en materia h\u00eddrica para Tamaulipas"},"content":{"rendered":"<p><em><strong><img loading=\"lazy\" decoding=\"async\" class=\" wp-image-210488 alignright\" src=\"https:\/\/www.buroperiodistico.com.mx\/wp-content\/uploads\/2026\/04\/Congrexox-3.jpeg\" alt=\"\" width=\"592\" height=\"360\" srcset=\"https:\/\/www.buroperiodistico.com.mx\/wp-content\/uploads\/2026\/04\/Congrexox-3.jpeg 1024w, https:\/\/www.buroperiodistico.com.mx\/wp-content\/uploads\/2026\/04\/Congrexox-3-300x183.jpeg 300w, https:\/\/www.buroperiodistico.com.mx\/wp-content\/uploads\/2026\/04\/Congrexox-3-768x467.jpeg 768w\" sizes=\"auto, (max-width: 592px) 100vw, 592px\" \/>Cd. Victoria, Tam (28-Abril-2026).-<\/strong><\/em>\u00a0Tamaulipas es el segundo estado a nivel nacional en tratamiento y re\u00faso de agua dentro del sector industrial, destac\u00f3 el titular del ramo en la entidad, tras ponderar la disponibilidad del vital l\u00edquido para el consumo, mediante su uso adecuado y el desarrollo de infraestructura impulsada por el Gobernador Am\u00e9rico Villarreal Anaya.<\/p>\n<p>En el marco del an\u00e1lisis del Cuarto Informe de Gobierno estatal, el Congreso Local recibi\u00f3 la comparecencia del titular de la Secretar\u00eda de Recursos Hidr\u00e1ulicos para el Desarrollo Social, Ra\u00fal Quiroga \u00c1lvarez, quien present\u00f3 ante el Pleno los avances, retos y proyectos estrat\u00e9gicos en materia h\u00eddrica para Tamaulipas.<\/p>\n<p>Durante su exposici\u00f3n, el funcionario destac\u00f3 que Tamaulipas mantiene una posici\u00f3n estrat\u00e9gica en materia de disponibilidad de agua, al se\u00f1alar que, pese a los desaf\u00edos derivados del cambio clim\u00e1tico y la presi\u00f3n h\u00eddrica en algunas regiones, el estado cuenta con fortalezas para garantizar el desarrollo social, agr\u00edcola e industrial.<\/p>\n<p>Explic\u00f3 el panorama de las principales cuencas hidrol\u00f3gicas del estado, la situaci\u00f3n de las presas internacionales y los retos en disponibilidad del recurso, adem\u00e1s de presentar proyectos prioritarios como la segunda l\u00ednea del acueducto Guadalupe Victoria, la tecnificaci\u00f3n de distritos de riego y el proyecto El Moralillo, para fortalecer el almacenamiento en el sistema lagunario del sur del estado.<\/p>\n<p>Asimismo, resalt\u00f3 que Tamaulipas se posiciona entre las entidades l\u00edderes en tratamiento de aguas residuales e infraestructura hidroagr\u00edcola, impulsando acciones orientadas a mejorar la eficiencia h\u00eddrica y garantizar el abastecimiento para la poblaci\u00f3n.<\/p>\n<p>Durante la fase de posicionamientos, diputadas y diputados de las distintas fuerzas pol\u00edticas coincidieron en la relevancia de fortalecer pol\u00edticas p\u00fablicas en torno al agua y respaldar acciones que permitan atender los desaf\u00edos presentes y futuros.<\/p>\n<p>La diputada Elvia Egu\u00eda Castillo, reconoci\u00f3 los avances alcanzados en materia h\u00eddrica y reiter\u00f3 la importancia de continuar fortaleciendo una gesti\u00f3n eficiente de los recursos h\u00eddricos para seguir transformando a Tamaulipas, bajo la visi\u00f3n de que el agua es un derecho del pueblo y una responsabilidad compartida.<\/p>\n<p>Por su parte, la diputada Mercedes del Carmen Guill\u00e9n Vicente, reconoci\u00f3 la importancia de consolidar una pol\u00edtica h\u00eddrica con visi\u00f3n de largo plazo, enfocada en fortalecer este derecho fundamental.<\/p>\n<p>El diputado Juan Carlos Zertuche Romero, destac\u00f3 los esfuerzos presentados para mejorar el abasto de agua y reiter\u00f3 la necesidad de seguir impulsando una pol\u00edtica h\u00eddrica moderna, eficiente y sostenible.<\/p>\n<p>Mientras que la diputada Ma del Rosario Gonz\u00e1lez Flores, subray\u00f3 la importancia de fortalecer la infraestructura hidr\u00e1ulica, invertir en tecnolog\u00eda para el tratamiento y reutilizaci\u00f3n del recurso, as\u00ed como promover una cultura de cuidado del agua desde el hogar hasta la industria.<\/p>\n<p><img loading=\"lazy\" decoding=\"async\" class=\"aligncenter size-full wp-image-210487\" src=\"https:\/\/www.buroperiodistico.com.mx\/wp-content\/uploads\/2026\/04\/Congrexox-I-3.jpeg\" alt=\"\" width=\"640\" height=\"426\" srcset=\"https:\/\/www.buroperiodistico.com.mx\/wp-content\/uploads\/2026\/04\/Congrexox-I-3.jpeg 640w, https:\/\/www.buroperiodistico.com.mx\/wp-content\/uploads\/2026\/04\/Congrexox-I-3-300x200.jpeg 300w\" sizes=\"auto, (max-width: 640px) 100vw, 640px\" \/><\/p>\n","protected":false},"excerpt":{"rendered":"<p>Cd. Victoria, Tam (28-Abril-2026).-\u00a0Tamaulipas es el segundo estado a nivel nacional en tratamiento y re\u00faso&#8230;<\/p>\n","protected":false},"author":1,"featured_media":210488,"comment_status":"closed","ping_status":"closed","sticky":false,"template":"","format":"standard","meta":{"footnotes":"","jetpack_publicize_message":"","jetpack_publicize_feature_enabled":true,"jetpack_social_post_already_shared":true,"jetpack_social_options":{"image_generator_settings":{"template":"highway","default_image_id":0,"font":"","enabled":false},"version":2}},"categories":[17],"tags":[],"class_list":["post-210486","post","type-post","status-publish","format-standard","has-post-thumbnail","hentry","category-ciudadvictoria"],"jetpack_publicize_connections":[],"_links":{"self":[{"href":"https:\/\/www.buroperiodistico.com.mx\/index.php?rest_route=\/wp\/v2\/posts\/210486","targetHints":{"allow":["GET"]}}],"collection":[{"href":"https:\/\/www.buroperiodistico.com.mx\/index.php?rest_route=\/wp\/v2\/posts"}],"about":[{"href":"https:\/\/www.buroperiodistico.com.mx\/index.php?rest_route=\/wp\/v2\/types\/post"}],"author":[{"embeddable":true,"href":"https:\/\/www.buroperiodistico.com.mx\/index.php?rest_route=\/wp\/v2\/users\/1"}],"replies":[{"embeddable":true,"href":"https:\/\/www.buroperiodistico.com.mx\/index.php?rest_route=%2Fwp%2Fv2%2Fcomments&post=210486"}],"version-history":[{"count":1,"href":"https:\/\/www.buroperiodistico.com.mx\/index.php?rest_route=\/wp\/v2\/posts\/210486\/revisions"}],"predecessor-version":[{"id":210489,"href":"https:\/\/www.buroperiodistico.com.mx\/index.php?rest_route=\/wp\/v2\/posts\/210486\/revisions\/210489"}],"wp:featuredmedia":[{"embeddable":true,"href":"https:\/\/www.buroperiodistico.com.mx\/index.php?rest_route=\/wp\/v2\/media\/210488"}],"wp:attachment":[{"href":"https:\/\/www.buroperiodistico.com.mx\/index.php?rest_route=%2Fwp%2Fv2%2Fmedia&parent=210486"}],"wp:term":[{"taxonomy":"category","embeddable":true,"href":"https:\/\/www.buroperiodistico.com.mx\/index.php?rest_route=%2Fwp%2Fv2%2Fcategories&post=210486"},{"taxonomy":"post_tag","embeddable":true,"href":"https:\/\/www.buroperiodistico.com.mx\/index.php?rest_route=%2Fwp%2Fv2%2Ftags&post=210486"}],"curies":[{"name":"wp","href":"https:\/\/api.w.org\/{rel}","templated":true}]}}