{"id":210477,"date":"2026-04-28T15:02:11","date_gmt":"2026-04-28T20:02:11","guid":{"rendered":"https:\/\/www.buroperiodistico.com.mx\/?p=210477"},"modified":"2026-04-28T15:02:11","modified_gmt":"2026-04-28T20:02:11","slug":"fortalece-injuve-vinculos-intergeneracionales-en-la-casa-hogar-del-adulto-mayor-en-coordinacion-con-el-sistema-dif-estatal","status":"publish","type":"post","link":"https:\/\/www.buroperiodistico.com.mx\/?p=210477","title":{"rendered":"Fortalece INJUVE v\u00ednculos intergeneracionales en la Casa Hogar del Adulto Mayor en coordinaci\u00f3n con el Sistema DIF Estatal"},"content":{"rendered":"<p><em><strong><img loading=\"lazy\" decoding=\"async\" class=\" wp-image-210484 alignright\" src=\"https:\/\/www.buroperiodistico.com.mx\/wp-content\/uploads\/2026\/04\/IJUFortalece.jpeg\" alt=\"\" width=\"455\" height=\"269\" srcset=\"https:\/\/www.buroperiodistico.com.mx\/wp-content\/uploads\/2026\/04\/IJUFortalece.jpeg 1024w, https:\/\/www.buroperiodistico.com.mx\/wp-content\/uploads\/2026\/04\/IJUFortalece-300x177.jpeg 300w, https:\/\/www.buroperiodistico.com.mx\/wp-content\/uploads\/2026\/04\/IJUFortalece-768x454.jpeg 768w\" sizes=\"auto, (max-width: 455px) 100vw, 455px\" \/>Ciudad Victoria, Tamaulipas (28-Abril-2026).-<\/strong><\/em> Con el objetivo de promover el respeto, la convivencia y el aprendizaje mutuo entre generaciones, el Instituto de la Juventud de Tamaulipas (INJUVE) llev\u00f3 a cabo una jornada de convivencia en la Casa Hogar del Adulto Mayor, en coordinaci\u00f3n con el Sistema DIF Estatal, reuniendo a j\u00f3venes voluntarios y residentes en un espacio de di\u00e1logo e integraci\u00f3n.<\/p>\n<p>Durante la actividad, integrantes de los programas \u201cMisi\u00f3n Tamaulipas\u201d y \u201cEmprendedores\u201d participaron en din\u00e1micas de convivencia y escucha activa, orientadas a reconocer el valor, la experiencia y las historias de vida de las personas adultas mayores.<\/p>\n<p>El director general del INJUVE, Oscar Azael Rodr\u00edguez Perales, se\u00f1al\u00f3 que esta iniciativa no solo contribuye a combatir el aislamiento, sino que tambi\u00e9n fomenta la empat\u00eda y el intercambio de experiencias entre generaciones.<\/p>\n<p>Asimismo, destac\u00f3 la participaci\u00f3n del \u201cMercadito Stella de Luz\u201d, cuyos integrantes se sumaron mediante la donaci\u00f3n de alimentos, art\u00edculos de primera necesidad y diversos apoyos, fortaleciendo el impacto de la jornada.<\/p>\n<p>Indic\u00f3 que esta colaboraci\u00f3n entre el gobierno estatal y la iniciativa privada permiti\u00f3 enriquecer la experiencia de alrededor de 100 residentes, evidenciando la importancia del trabajo intersectorial para el bienestar social.<\/p>\n<p>Con estas acciones -dijo- el Gobierno del Estado, encabezado por el gobernador Am\u00e9rico Villarreal Anaya, a trav\u00e9s del INJUVE de la Secretar\u00eda del Trabajo y Previsi\u00f3n Social, dirigida por Luis Gerardo Illoldi Reyes, reafirma su compromiso con una pol\u00edtica humanista e incluyente, orientada al fortalecimiento del tejido social mediante la construcci\u00f3n de relaciones solidarias y de confianza.<\/p>\n<p><img loading=\"lazy\" decoding=\"async\" class=\"aligncenter size-full wp-image-210478\" src=\"https:\/\/www.buroperiodistico.com.mx\/wp-content\/uploads\/2026\/04\/IJUFortalece-I.jpeg\" alt=\"\" width=\"640\" height=\"427\" srcset=\"https:\/\/www.buroperiodistico.com.mx\/wp-content\/uploads\/2026\/04\/IJUFortalece-I.jpeg 640w, https:\/\/www.buroperiodistico.com.mx\/wp-content\/uploads\/2026\/04\/IJUFortalece-I-300x200.jpeg 300w\" sizes=\"auto, (max-width: 640px) 100vw, 640px\" \/> <img loading=\"lazy\" decoding=\"async\" class=\"aligncenter size-full wp-image-210483\" src=\"https:\/\/www.buroperiodistico.com.mx\/wp-content\/uploads\/2026\/04\/IJUFortalece-IIIIII.jpeg\" alt=\"\" width=\"640\" height=\"427\" srcset=\"https:\/\/www.buroperiodistico.com.mx\/wp-content\/uploads\/2026\/04\/IJUFortalece-IIIIII.jpeg 640w, https:\/\/www.buroperiodistico.com.mx\/wp-content\/uploads\/2026\/04\/IJUFortalece-IIIIII-300x200.jpeg 300w\" sizes=\"auto, (max-width: 640px) 100vw, 640px\" \/> <img loading=\"lazy\" decoding=\"async\" class=\"aligncenter size-full wp-image-210482\" src=\"https:\/\/www.buroperiodistico.com.mx\/wp-content\/uploads\/2026\/04\/IJUFortalece-IIIII.jpeg\" alt=\"\" width=\"640\" height=\"427\" srcset=\"https:\/\/www.buroperiodistico.com.mx\/wp-content\/uploads\/2026\/04\/IJUFortalece-IIIII.jpeg 640w, https:\/\/www.buroperiodistico.com.mx\/wp-content\/uploads\/2026\/04\/IJUFortalece-IIIII-300x200.jpeg 300w\" sizes=\"auto, (max-width: 640px) 100vw, 640px\" \/> <img loading=\"lazy\" decoding=\"async\" class=\"aligncenter size-full wp-image-210481\" src=\"https:\/\/www.buroperiodistico.com.mx\/wp-content\/uploads\/2026\/04\/IJUFortalece-IIII.jpeg\" alt=\"\" width=\"640\" height=\"427\" srcset=\"https:\/\/www.buroperiodistico.com.mx\/wp-content\/uploads\/2026\/04\/IJUFortalece-IIII.jpeg 640w, https:\/\/www.buroperiodistico.com.mx\/wp-content\/uploads\/2026\/04\/IJUFortalece-IIII-300x200.jpeg 300w\" sizes=\"auto, (max-width: 640px) 100vw, 640px\" \/> <img loading=\"lazy\" decoding=\"async\" class=\"aligncenter size-full wp-image-210480\" src=\"https:\/\/www.buroperiodistico.com.mx\/wp-content\/uploads\/2026\/04\/IJUFortalece-III.jpeg\" alt=\"\" width=\"640\" height=\"427\" srcset=\"https:\/\/www.buroperiodistico.com.mx\/wp-content\/uploads\/2026\/04\/IJUFortalece-III.jpeg 640w, https:\/\/www.buroperiodistico.com.mx\/wp-content\/uploads\/2026\/04\/IJUFortalece-III-300x200.jpeg 300w\" sizes=\"auto, (max-width: 640px) 100vw, 640px\" \/> <img loading=\"lazy\" decoding=\"async\" class=\"aligncenter size-full wp-image-210479\" src=\"https:\/\/www.buroperiodistico.com.mx\/wp-content\/uploads\/2026\/04\/IJUFortalece-II.jpeg\" alt=\"\" width=\"640\" height=\"427\" srcset=\"https:\/\/www.buroperiodistico.com.mx\/wp-content\/uploads\/2026\/04\/IJUFortalece-II.jpeg 640w, https:\/\/www.buroperiodistico.com.mx\/wp-content\/uploads\/2026\/04\/IJUFortalece-II-300x200.jpeg 300w\" sizes=\"auto, (max-width: 640px) 100vw, 640px\" \/><\/p>\n","protected":false},"excerpt":{"rendered":"<p>Ciudad Victoria, Tamaulipas (28-Abril-2026).- Con el objetivo de promover el respeto, la convivencia y el&#8230;<\/p>\n","protected":false},"author":1,"featured_media":210484,"comment_status":"closed","ping_status":"closed","sticky":false,"template":"","format":"standard","meta":{"footnotes":"","jetpack_publicize_message":"","jetpack_publicize_feature_enabled":true,"jetpack_social_post_already_shared":true,"jetpack_social_options":{"image_generator_settings":{"template":"highway","default_image_id":0,"font":"","enabled":false},"version":2}},"categories":[10],"tags":[],"class_list":["post-210477","post","type-post","status-publish","format-standard","has-post-thumbnail","hentry","category-tamaulipas"],"jetpack_publicize_connections":[],"_links":{"self":[{"href":"https:\/\/www.buroperiodistico.com.mx\/index.php?rest_route=\/wp\/v2\/posts\/210477","targetHints":{"allow":["GET"]}}],"collection":[{"href":"https:\/\/www.buroperiodistico.com.mx\/index.php?rest_route=\/wp\/v2\/posts"}],"about":[{"href":"https:\/\/www.buroperiodistico.com.mx\/index.php?rest_route=\/wp\/v2\/types\/post"}],"author":[{"embeddable":true,"href":"https:\/\/www.buroperiodistico.com.mx\/index.php?rest_route=\/wp\/v2\/users\/1"}],"replies":[{"embeddable":true,"href":"https:\/\/www.buroperiodistico.com.mx\/index.php?rest_route=%2Fwp%2Fv2%2Fcomments&post=210477"}],"version-history":[{"count":1,"href":"https:\/\/www.buroperiodistico.com.mx\/index.php?rest_route=\/wp\/v2\/posts\/210477\/revisions"}],"predecessor-version":[{"id":210485,"href":"https:\/\/www.buroperiodistico.com.mx\/index.php?rest_route=\/wp\/v2\/posts\/210477\/revisions\/210485"}],"wp:featuredmedia":[{"embeddable":true,"href":"https:\/\/www.buroperiodistico.com.mx\/index.php?rest_route=\/wp\/v2\/media\/210484"}],"wp:attachment":[{"href":"https:\/\/www.buroperiodistico.com.mx\/index.php?rest_route=%2Fwp%2Fv2%2Fmedia&parent=210477"}],"wp:term":[{"taxonomy":"category","embeddable":true,"href":"https:\/\/www.buroperiodistico.com.mx\/index.php?rest_route=%2Fwp%2Fv2%2Fcategories&post=210477"},{"taxonomy":"post_tag","embeddable":true,"href":"https:\/\/www.buroperiodistico.com.mx\/index.php?rest_route=%2Fwp%2Fv2%2Ftags&post=210477"}],"curies":[{"name":"wp","href":"https:\/\/api.w.org\/{rel}","templated":true}]}}