{"id":210473,"date":"2026-04-28T14:35:59","date_gmt":"2026-04-28T19:35:59","guid":{"rendered":"https:\/\/www.buroperiodistico.com.mx\/?p=210473"},"modified":"2026-04-28T14:35:59","modified_gmt":"2026-04-28T19:35:59","slug":"presidio-carlos-pena-ortiz-sesion-ordinaria-del-irca","status":"publish","type":"post","link":"https:\/\/www.buroperiodistico.com.mx\/?p=210473","title":{"rendered":"Presidi\u00f3 Carlos Pe\u00f1a Ortiz Sesi\u00f3n Ordinaria del IRCA"},"content":{"rendered":"<p><em><strong><img loading=\"lazy\" decoding=\"async\" class=\" wp-image-210475 alignright\" src=\"https:\/\/www.buroperiodistico.com.mx\/wp-content\/uploads\/2026\/04\/CPox-1.jpeg\" alt=\"\" width=\"455\" height=\"256\" srcset=\"https:\/\/www.buroperiodistico.com.mx\/wp-content\/uploads\/2026\/04\/CPox-1.jpeg 1024w, https:\/\/www.buroperiodistico.com.mx\/wp-content\/uploads\/2026\/04\/CPox-1-300x169.jpeg 300w, https:\/\/www.buroperiodistico.com.mx\/wp-content\/uploads\/2026\/04\/CPox-1-768x433.jpeg 768w\" sizes=\"auto, (max-width: 455px) 100vw, 455px\" \/>Reynosa, Tam (28-Abril-2026).-<\/strong><\/em> El Alcalde Carlos Pe\u00f1a Ortiz, presidi\u00f3 este lunes la Sexta Sesi\u00f3n Ordinaria de la Junta Directiva del Consejo del Instituto Reynosense para la Cultura y las Artes, IRCA, para el periodo 2024-2027.<\/p>\n<p>Durante la sesi\u00f3n del Instituto, que dirige Mar\u00eda Esther Camargo F\u00e9lix, se revisaron los avances de los programas y proyectos culturales que impulsa el Gobierno Municipal para promover el arte y la cultura en la ciudad y en especial sobre los eventos realizados en el marco del 277 Aniversario de la Fundaci\u00f3n de Reynosa.<\/p>\n<p>A modo de reconocimiento, en su ausencia f\u00edsica, los presentes rindieron homenaje con un minuto de silencio al exconsejero C. Mauricio Trevi\u00f1o Garza.<\/p>\n<p>El Alcalde reiter\u00f3 el compromiso de su administraci\u00f3n para fortalecer la actividad art\u00edstica y acercar la cultura a todas las colonias de Reynosa.<\/p>\n<p>#ReynosaImparable<br \/>\n#GobiernoMunicipalDeReynosa<\/p>\n<p><img loading=\"lazy\" decoding=\"async\" class=\"aligncenter size-full wp-image-210474\" src=\"https:\/\/www.buroperiodistico.com.mx\/wp-content\/uploads\/2026\/04\/CPox-I-1.jpeg\" alt=\"\" width=\"640\" height=\"427\" srcset=\"https:\/\/www.buroperiodistico.com.mx\/wp-content\/uploads\/2026\/04\/CPox-I-1.jpeg 640w, https:\/\/www.buroperiodistico.com.mx\/wp-content\/uploads\/2026\/04\/CPox-I-1-300x200.jpeg 300w\" sizes=\"auto, (max-width: 640px) 100vw, 640px\" \/><\/p>\n","protected":false},"excerpt":{"rendered":"<p>Reynosa, Tam (28-Abril-2026).- El Alcalde Carlos Pe\u00f1a Ortiz, presidi\u00f3 este lunes la Sexta Sesi\u00f3n Ordinaria&#8230;<\/p>\n","protected":false},"author":1,"featured_media":210475,"comment_status":"closed","ping_status":"closed","sticky":false,"template":"","format":"standard","meta":{"footnotes":"","jetpack_publicize_message":"","jetpack_publicize_feature_enabled":true,"jetpack_social_post_already_shared":true,"jetpack_social_options":{"image_generator_settings":{"template":"highway","default_image_id":0,"font":"","enabled":false},"version":2}},"categories":[25,9],"tags":[],"class_list":["post-210473","post","type-post","status-publish","format-standard","has-post-thumbnail","hentry","category-portada","category-reynosa"],"jetpack_publicize_connections":[],"_links":{"self":[{"href":"https:\/\/www.buroperiodistico.com.mx\/index.php?rest_route=\/wp\/v2\/posts\/210473","targetHints":{"allow":["GET"]}}],"collection":[{"href":"https:\/\/www.buroperiodistico.com.mx\/index.php?rest_route=\/wp\/v2\/posts"}],"about":[{"href":"https:\/\/www.buroperiodistico.com.mx\/index.php?rest_route=\/wp\/v2\/types\/post"}],"author":[{"embeddable":true,"href":"https:\/\/www.buroperiodistico.com.mx\/index.php?rest_route=\/wp\/v2\/users\/1"}],"replies":[{"embeddable":true,"href":"https:\/\/www.buroperiodistico.com.mx\/index.php?rest_route=%2Fwp%2Fv2%2Fcomments&post=210473"}],"version-history":[{"count":1,"href":"https:\/\/www.buroperiodistico.com.mx\/index.php?rest_route=\/wp\/v2\/posts\/210473\/revisions"}],"predecessor-version":[{"id":210476,"href":"https:\/\/www.buroperiodistico.com.mx\/index.php?rest_route=\/wp\/v2\/posts\/210473\/revisions\/210476"}],"wp:featuredmedia":[{"embeddable":true,"href":"https:\/\/www.buroperiodistico.com.mx\/index.php?rest_route=\/wp\/v2\/media\/210475"}],"wp:attachment":[{"href":"https:\/\/www.buroperiodistico.com.mx\/index.php?rest_route=%2Fwp%2Fv2%2Fmedia&parent=210473"}],"wp:term":[{"taxonomy":"category","embeddable":true,"href":"https:\/\/www.buroperiodistico.com.mx\/index.php?rest_route=%2Fwp%2Fv2%2Fcategories&post=210473"},{"taxonomy":"post_tag","embeddable":true,"href":"https:\/\/www.buroperiodistico.com.mx\/index.php?rest_route=%2Fwp%2Fv2%2Ftags&post=210473"}],"curies":[{"name":"wp","href":"https:\/\/api.w.org\/{rel}","templated":true}]}}