{"id":210468,"date":"2026-04-28T13:54:56","date_gmt":"2026-04-28T18:54:56","guid":{"rendered":"https:\/\/www.buroperiodistico.com.mx\/?p=210468"},"modified":"2026-04-28T13:54:56","modified_gmt":"2026-04-28T18:54:56","slug":"entregan-en-nuevo-laredo-distintivos-hecho-en-tamaulipas-hecho-en-mexico-y-creditos-del-fondo-tamaulipas","status":"publish","type":"post","link":"https:\/\/www.buroperiodistico.com.mx\/?p=210468","title":{"rendered":"Entregan en Nuevo Laredo distintivos \u201cHecho en Tamaulipas\u201d, \u201cHecho en M\u00e9xico\u201d y cr\u00e9ditos del Fondo Tamaulipas"},"content":{"rendered":"<p><em><strong><img loading=\"lazy\" decoding=\"async\" class=\" wp-image-210471 alignright\" src=\"https:\/\/www.buroperiodistico.com.mx\/wp-content\/uploads\/2026\/04\/SECTamaulipas.jpeg\" alt=\"\" width=\"477\" height=\"283\" srcset=\"https:\/\/www.buroperiodistico.com.mx\/wp-content\/uploads\/2026\/04\/SECTamaulipas.jpeg 1024w, https:\/\/www.buroperiodistico.com.mx\/wp-content\/uploads\/2026\/04\/SECTamaulipas-300x178.jpeg 300w, https:\/\/www.buroperiodistico.com.mx\/wp-content\/uploads\/2026\/04\/SECTamaulipas-768x456.jpeg 768w\" sizes=\"auto, (max-width: 477px) 100vw, 477px\" \/>Nuevo Laredo, Tamaulipas (28-Abril-2026).-<\/strong><\/em> Con el prop\u00f3sito de fortalecer el desarrollo de las micro, peque\u00f1as y medianas empresas en la regi\u00f3n, la secretaria de Econom\u00eda, Ninfa Cant\u00fa De\u00e1ndar, encabez\u00f3 la entrega de distintivos \u201cHecho en Tamaulipas\u201d y \u201cHecho en M\u00e9xico\u201d, as\u00ed como de cr\u00e9ditos del Fondo Tamaulipas, en un evento que reuni\u00f3 a l\u00edderes empresariales y representantes de instituciones de educaci\u00f3n superior del municipio.<\/p>\n<p>Durante la ceremonia, se otorgaron 63 distintivos a 23 emprendedores, reconociendo a empresas que han alcanzado est\u00e1ndares de calidad, reputaci\u00f3n y valor agregado, lo que les permite ampliar sus oportunidades de acceso a mercados, ferias, exposiciones y cadenas comerciales.<\/p>\n<p>El distintivo \u201cHecho en Tamaulipas\u201d acredita a productos y servicios elaborados en la entidad bajo criterios de calidad y pertenencia, fortaleciendo el consumo local. Por su parte, el distintivo \u201cHecho en M\u00e9xico\u201d impulsa la proyecci\u00f3n nacional e internacional de productos elaborados en el pa\u00eds, priorizando el uso de insumos nacionales y el cumplimiento de est\u00e1ndares alineados con la Agenda 2030.<\/p>\n<p>En el mismo acto, se entregaron financiamientos a trav\u00e9s del Fondo Tamaulipas, como parte de una estrategia de inclusi\u00f3n financiera. Se otorgaron cr\u00e9ditos de los programas Credibienestar y Microemprendedor por un monto total de 793 mil pesos, adem\u00e1s de apoyos del Programa de Microcr\u00e9ditos a cinco n\u00facleos solidarios integrados por 26 beneficiarios, por un monto adicional de 142 mil pesos.<\/p>\n<p>Estos apoyos tienen como finalidad impulsar el crecimiento de negocios locales, facilitar el acceso al cr\u00e9dito en condiciones accesibles y fortalecer la econom\u00eda familiar mediante el desarrollo de actividades productivas.<\/p>\n<p>La titular de la Secretar\u00eda de Econom\u00eda destac\u00f3 que estas acciones forman parte de la pol\u00edtica econ\u00f3mica impulsada por el gobernador Am\u00e9rico Villarreal Anaya, orientada a generar oportunidades de crecimiento, elevar la competitividad empresarial y consolidar un ecosistema productivo con identidad local y proyecci\u00f3n global.<\/p>\n<p>Asimismo, reconoci\u00f3 el respaldo del gobierno municipal de Nuevo Laredo, encabezado por Carmen Lilia Canturosas Villarreal, as\u00ed como la colaboraci\u00f3n interinstitucional para fortalecer el desarrollo econ\u00f3mico regional.<\/p>\n<p>En el evento tambi\u00e9n participaron autoridades y representantes del sector empresarial, entre ellos Miguel \u00c1ngel Carrillo, Abraham Rodr\u00edguez, Mariana \u00c1lvarez y Guadalupe Arlem Gonz\u00e1lez.<\/p>\n<p><img loading=\"lazy\" decoding=\"async\" class=\"aligncenter size-full wp-image-210469\" src=\"https:\/\/www.buroperiodistico.com.mx\/wp-content\/uploads\/2026\/04\/SECTamaulipas-I.jpeg\" alt=\"\" width=\"640\" height=\"212\" srcset=\"https:\/\/www.buroperiodistico.com.mx\/wp-content\/uploads\/2026\/04\/SECTamaulipas-I.jpeg 640w, https:\/\/www.buroperiodistico.com.mx\/wp-content\/uploads\/2026\/04\/SECTamaulipas-I-300x99.jpeg 300w\" sizes=\"auto, (max-width: 640px) 100vw, 640px\" \/> <img loading=\"lazy\" decoding=\"async\" class=\"aligncenter size-full wp-image-210470\" src=\"https:\/\/www.buroperiodistico.com.mx\/wp-content\/uploads\/2026\/04\/SECTamaulipas-II.jpeg\" alt=\"\" width=\"640\" height=\"360\" srcset=\"https:\/\/www.buroperiodistico.com.mx\/wp-content\/uploads\/2026\/04\/SECTamaulipas-II.jpeg 640w, https:\/\/www.buroperiodistico.com.mx\/wp-content\/uploads\/2026\/04\/SECTamaulipas-II-300x169.jpeg 300w\" sizes=\"auto, (max-width: 640px) 100vw, 640px\" \/><\/p>\n","protected":false},"excerpt":{"rendered":"<p>Nuevo Laredo, Tamaulipas (28-Abril-2026).- Con el prop\u00f3sito de fortalecer el desarrollo de las micro, peque\u00f1as&#8230;<\/p>\n","protected":false},"author":1,"featured_media":210471,"comment_status":"closed","ping_status":"closed","sticky":false,"template":"","format":"standard","meta":{"footnotes":"","jetpack_publicize_message":"","jetpack_publicize_feature_enabled":true,"jetpack_social_post_already_shared":true,"jetpack_social_options":{"image_generator_settings":{"template":"highway","default_image_id":0,"font":"","enabled":false},"version":2}},"categories":[10],"tags":[],"class_list":["post-210468","post","type-post","status-publish","format-standard","has-post-thumbnail","hentry","category-tamaulipas"],"jetpack_publicize_connections":[],"_links":{"self":[{"href":"https:\/\/www.buroperiodistico.com.mx\/index.php?rest_route=\/wp\/v2\/posts\/210468","targetHints":{"allow":["GET"]}}],"collection":[{"href":"https:\/\/www.buroperiodistico.com.mx\/index.php?rest_route=\/wp\/v2\/posts"}],"about":[{"href":"https:\/\/www.buroperiodistico.com.mx\/index.php?rest_route=\/wp\/v2\/types\/post"}],"author":[{"embeddable":true,"href":"https:\/\/www.buroperiodistico.com.mx\/index.php?rest_route=\/wp\/v2\/users\/1"}],"replies":[{"embeddable":true,"href":"https:\/\/www.buroperiodistico.com.mx\/index.php?rest_route=%2Fwp%2Fv2%2Fcomments&post=210468"}],"version-history":[{"count":1,"href":"https:\/\/www.buroperiodistico.com.mx\/index.php?rest_route=\/wp\/v2\/posts\/210468\/revisions"}],"predecessor-version":[{"id":210472,"href":"https:\/\/www.buroperiodistico.com.mx\/index.php?rest_route=\/wp\/v2\/posts\/210468\/revisions\/210472"}],"wp:featuredmedia":[{"embeddable":true,"href":"https:\/\/www.buroperiodistico.com.mx\/index.php?rest_route=\/wp\/v2\/media\/210471"}],"wp:attachment":[{"href":"https:\/\/www.buroperiodistico.com.mx\/index.php?rest_route=%2Fwp%2Fv2%2Fmedia&parent=210468"}],"wp:term":[{"taxonomy":"category","embeddable":true,"href":"https:\/\/www.buroperiodistico.com.mx\/index.php?rest_route=%2Fwp%2Fv2%2Fcategories&post=210468"},{"taxonomy":"post_tag","embeddable":true,"href":"https:\/\/www.buroperiodistico.com.mx\/index.php?rest_route=%2Fwp%2Fv2%2Ftags&post=210468"}],"curies":[{"name":"wp","href":"https:\/\/api.w.org\/{rel}","templated":true}]}}