{"id":210465,"date":"2026-04-28T13:36:04","date_gmt":"2026-04-28T18:36:04","guid":{"rendered":"https:\/\/www.buroperiodistico.com.mx\/?p=210465"},"modified":"2026-04-28T13:36:04","modified_gmt":"2026-04-28T18:36:04","slug":"celebra-gobierno-de-carlos-pena-ortiz-el-dia-del-nino-con-una-edicion-especial-del-jarajueves","status":"publish","type":"post","link":"https:\/\/www.buroperiodistico.com.mx\/?p=210465","title":{"rendered":"Celebra Gobierno de Carlos Pe\u00f1a Ortiz el D\u00eda del Ni\u00f1o con una edici\u00f3n especial del Jarajueves"},"content":{"rendered":"<p><em><strong>Reynosa, Tam (28-Abril-2026).-<\/strong><\/em> El Gobierno de Reynosa, que preside el Alcalde Carlos Pe\u00f1a Ortiz, invita a festejar el D\u00eda del Ni\u00f1o este 30 de abril en una edici\u00f3n especial del Jarajueves en la Plaza Cultural IRCA Jarachina, en la colonia Lomas del Real de Jarachina Sur.<\/p>\n<p>El programa comienza a las 5:00 P. M. con un bazar de m\u00e1s de 25 puestos de comida, plantas, arte y libros, entre otros. En la parte art\u00edstica se presentar\u00e1n las obras de teatro infantil \u00abUn encuentro con Cri-Cri\u00bb de la Maestra Martha Valdivia, adem\u00e1s de \u00abPl\u00e1tica entre mu\u00f1ecos\u00bb y \u00abEl hombre y la serpiente\u00bb del Maestro Eduardo Calder\u00f3n Castillo.<br \/>\nTambi\u00e9n se contar\u00e1 con la participaci\u00f3n del Taller de Ballet Cl\u00e1sico del IRCA, dirigido por la Maestra Scarlett Espinoza Ch\u00e1vez.<\/p>\n<p>Para el cierre del evento, a las 7:00 P. M. llega al escenario la m\u00fasica de Arlette Varela \u00abLa Joyita de Reynosa\u00bb y el ritmo norte\u00f1o de Miguel Sebasti\u00e1n. La entrada es libre y es una gran opci\u00f3n para que los ni\u00f1os celebren su d\u00eda en familia.<\/p>\n<p>#ReynosaImparable #Reynosa #Tamaulipas<\/p>\n<p><img loading=\"lazy\" decoding=\"async\" class=\"aligncenter  wp-image-210466\" src=\"https:\/\/www.buroperiodistico.com.mx\/wp-content\/uploads\/2026\/04\/JaraJueve.jpg\" alt=\"\" width=\"834\" height=\"451\" srcset=\"https:\/\/www.buroperiodistico.com.mx\/wp-content\/uploads\/2026\/04\/JaraJueve.jpg 1110w, https:\/\/www.buroperiodistico.com.mx\/wp-content\/uploads\/2026\/04\/JaraJueve-300x162.jpg 300w, https:\/\/www.buroperiodistico.com.mx\/wp-content\/uploads\/2026\/04\/JaraJueve-1024x554.jpg 1024w, https:\/\/www.buroperiodistico.com.mx\/wp-content\/uploads\/2026\/04\/JaraJueve-768x415.jpg 768w\" sizes=\"auto, (max-width: 834px) 100vw, 834px\" \/><\/p>\n","protected":false},"excerpt":{"rendered":"<p>Reynosa, Tam (28-Abril-2026).- El Gobierno de Reynosa, que preside el Alcalde Carlos Pe\u00f1a Ortiz, invita&#8230;<\/p>\n","protected":false},"author":1,"featured_media":210466,"comment_status":"closed","ping_status":"closed","sticky":false,"template":"","format":"standard","meta":{"footnotes":"","jetpack_publicize_message":"","jetpack_publicize_feature_enabled":true,"jetpack_social_post_already_shared":true,"jetpack_social_options":{"image_generator_settings":{"template":"highway","default_image_id":0,"font":"","enabled":false},"version":2}},"categories":[9],"tags":[],"class_list":["post-210465","post","type-post","status-publish","format-standard","has-post-thumbnail","hentry","category-reynosa"],"jetpack_publicize_connections":[],"_links":{"self":[{"href":"https:\/\/www.buroperiodistico.com.mx\/index.php?rest_route=\/wp\/v2\/posts\/210465","targetHints":{"allow":["GET"]}}],"collection":[{"href":"https:\/\/www.buroperiodistico.com.mx\/index.php?rest_route=\/wp\/v2\/posts"}],"about":[{"href":"https:\/\/www.buroperiodistico.com.mx\/index.php?rest_route=\/wp\/v2\/types\/post"}],"author":[{"embeddable":true,"href":"https:\/\/www.buroperiodistico.com.mx\/index.php?rest_route=\/wp\/v2\/users\/1"}],"replies":[{"embeddable":true,"href":"https:\/\/www.buroperiodistico.com.mx\/index.php?rest_route=%2Fwp%2Fv2%2Fcomments&post=210465"}],"version-history":[{"count":1,"href":"https:\/\/www.buroperiodistico.com.mx\/index.php?rest_route=\/wp\/v2\/posts\/210465\/revisions"}],"predecessor-version":[{"id":210467,"href":"https:\/\/www.buroperiodistico.com.mx\/index.php?rest_route=\/wp\/v2\/posts\/210465\/revisions\/210467"}],"wp:featuredmedia":[{"embeddable":true,"href":"https:\/\/www.buroperiodistico.com.mx\/index.php?rest_route=\/wp\/v2\/media\/210466"}],"wp:attachment":[{"href":"https:\/\/www.buroperiodistico.com.mx\/index.php?rest_route=%2Fwp%2Fv2%2Fmedia&parent=210465"}],"wp:term":[{"taxonomy":"category","embeddable":true,"href":"https:\/\/www.buroperiodistico.com.mx\/index.php?rest_route=%2Fwp%2Fv2%2Fcategories&post=210465"},{"taxonomy":"post_tag","embeddable":true,"href":"https:\/\/www.buroperiodistico.com.mx\/index.php?rest_route=%2Fwp%2Fv2%2Ftags&post=210465"}],"curies":[{"name":"wp","href":"https:\/\/api.w.org\/{rel}","templated":true}]}}