{"id":210462,"date":"2026-04-28T13:30:01","date_gmt":"2026-04-28T18:30:01","guid":{"rendered":"https:\/\/www.buroperiodistico.com.mx\/?p=210462"},"modified":"2026-04-28T13:30:01","modified_gmt":"2026-04-28T18:30:01","slug":"ofrece-dif-reynosa-asesoria-y-acompanamiento-legal-gratuito","status":"publish","type":"post","link":"https:\/\/www.buroperiodistico.com.mx\/?p=210462","title":{"rendered":"Ofrece DIF-Reynosa asesor\u00eda y acompa\u00f1amiento legal gratuito"},"content":{"rendered":"<p><em><strong>Reynosa, Tam (28-Abril-2026).-<\/strong><\/em> El Sistema DIF-Reynosa que preside Carlos Luis Pe\u00f1a Garza, pone a disposici\u00f3n de la ciudadan\u00eda el servicio de apoyo legal, a trav\u00e9s del \u00e1rea de Procuradur\u00eda, con el objetivo de brindar orientaci\u00f3n y respaldo a quienes enfrentan alguna situaci\u00f3n jur\u00eddica.<\/p>\n<p>El servicio de asesor\u00eda legal, psicol\u00f3gica, mediaci\u00f3n familiar, entre otros, que se ofrecen de manera totalmente gratuita, est\u00e1n enfocados en la protecci\u00f3n de los derechos de las personas, proporcionando atenci\u00f3n, as\u00ed como seguimiento y acompa\u00f1amiento durante los procesos que as\u00ed lo requieran.<\/p>\n<p>Las y los interesados pueden acudir a las instalaciones del DIF Reynosa, ubicadas en bulevar Hidalgo n\u00famero 1900, colonia Hidalgo, para recibir informaci\u00f3n y apoyo directo, de lunes a viernes de 8:00 de la ma\u00f1ana a 4:00 de la tarde.<\/p>\n<p><img loading=\"lazy\" decoding=\"async\" class=\"aligncenter  wp-image-210463\" src=\"https:\/\/www.buroperiodistico.com.mx\/wp-content\/uploads\/2026\/04\/DIFPro.jpg\" alt=\"\" width=\"945\" height=\"511\" srcset=\"https:\/\/www.buroperiodistico.com.mx\/wp-content\/uploads\/2026\/04\/DIFPro.jpg 1110w, https:\/\/www.buroperiodistico.com.mx\/wp-content\/uploads\/2026\/04\/DIFPro-300x162.jpg 300w, https:\/\/www.buroperiodistico.com.mx\/wp-content\/uploads\/2026\/04\/DIFPro-1024x554.jpg 1024w, https:\/\/www.buroperiodistico.com.mx\/wp-content\/uploads\/2026\/04\/DIFPro-768x415.jpg 768w\" sizes=\"auto, (max-width: 945px) 100vw, 945px\" \/><\/p>\n","protected":false},"excerpt":{"rendered":"<p>Reynosa, Tam (28-Abril-2026).- El Sistema DIF-Reynosa que preside Carlos Luis Pe\u00f1a Garza, pone a disposici\u00f3n&#8230;<\/p>\n","protected":false},"author":1,"featured_media":210463,"comment_status":"closed","ping_status":"closed","sticky":false,"template":"","format":"standard","meta":{"footnotes":"","jetpack_publicize_message":"","jetpack_publicize_feature_enabled":true,"jetpack_social_post_already_shared":true,"jetpack_social_options":{"image_generator_settings":{"template":"highway","default_image_id":0,"font":"","enabled":false},"version":2}},"categories":[9],"tags":[],"class_list":["post-210462","post","type-post","status-publish","format-standard","has-post-thumbnail","hentry","category-reynosa"],"jetpack_publicize_connections":[],"_links":{"self":[{"href":"https:\/\/www.buroperiodistico.com.mx\/index.php?rest_route=\/wp\/v2\/posts\/210462","targetHints":{"allow":["GET"]}}],"collection":[{"href":"https:\/\/www.buroperiodistico.com.mx\/index.php?rest_route=\/wp\/v2\/posts"}],"about":[{"href":"https:\/\/www.buroperiodistico.com.mx\/index.php?rest_route=\/wp\/v2\/types\/post"}],"author":[{"embeddable":true,"href":"https:\/\/www.buroperiodistico.com.mx\/index.php?rest_route=\/wp\/v2\/users\/1"}],"replies":[{"embeddable":true,"href":"https:\/\/www.buroperiodistico.com.mx\/index.php?rest_route=%2Fwp%2Fv2%2Fcomments&post=210462"}],"version-history":[{"count":1,"href":"https:\/\/www.buroperiodistico.com.mx\/index.php?rest_route=\/wp\/v2\/posts\/210462\/revisions"}],"predecessor-version":[{"id":210464,"href":"https:\/\/www.buroperiodistico.com.mx\/index.php?rest_route=\/wp\/v2\/posts\/210462\/revisions\/210464"}],"wp:featuredmedia":[{"embeddable":true,"href":"https:\/\/www.buroperiodistico.com.mx\/index.php?rest_route=\/wp\/v2\/media\/210463"}],"wp:attachment":[{"href":"https:\/\/www.buroperiodistico.com.mx\/index.php?rest_route=%2Fwp%2Fv2%2Fmedia&parent=210462"}],"wp:term":[{"taxonomy":"category","embeddable":true,"href":"https:\/\/www.buroperiodistico.com.mx\/index.php?rest_route=%2Fwp%2Fv2%2Fcategories&post=210462"},{"taxonomy":"post_tag","embeddable":true,"href":"https:\/\/www.buroperiodistico.com.mx\/index.php?rest_route=%2Fwp%2Fv2%2Ftags&post=210462"}],"curies":[{"name":"wp","href":"https:\/\/api.w.org\/{rel}","templated":true}]}}