{"id":210458,"date":"2026-04-28T13:23:44","date_gmt":"2026-04-28T18:23:44","guid":{"rendered":"https:\/\/www.buroperiodistico.com.mx\/?p=210458"},"modified":"2026-04-28T13:23:44","modified_gmt":"2026-04-28T18:23:44","slug":"ninas-y-ninos-del-segundo-parlamento-infantil-participan-en-la-mananera-legislativa","status":"publish","type":"post","link":"https:\/\/www.buroperiodistico.com.mx\/?p=210458","title":{"rendered":"Ni\u00f1as y ni\u00f1os del Segundo Parlamento Infantil participan en la Ma\u00f1anera Legislativa"},"content":{"rendered":"<p><em><strong><img loading=\"lazy\" decoding=\"async\" class=\" wp-image-210460 alignright\" src=\"https:\/\/www.buroperiodistico.com.mx\/wp-content\/uploads\/2026\/04\/Ninox.jpeg\" alt=\"\" width=\"463\" height=\"262\" srcset=\"https:\/\/www.buroperiodistico.com.mx\/wp-content\/uploads\/2026\/04\/Ninox.jpeg 1024w, https:\/\/www.buroperiodistico.com.mx\/wp-content\/uploads\/2026\/04\/Ninox-300x170.jpeg 300w, https:\/\/www.buroperiodistico.com.mx\/wp-content\/uploads\/2026\/04\/Ninox-768x435.jpeg 768w\" sizes=\"auto, (max-width: 463px) 100vw, 463px\" \/>Cd. Victoria, Tam (28-Abril-2026).-<\/strong><\/em> En un ejercicio que fortalece la participaci\u00f3n de la ni\u00f1ez en la vida p\u00fablica y promueve su derecho a ser escuchados, integrantes del Segundo Parlamento Infantil del Consejo Consultivo del Observatorio Participativo e Inclusivo de Ni\u00f1as, Ni\u00f1os y Adolescentes de Tamaulipas participaron este martes en la conferencia de prensa La Ma\u00f1anera Legislativa, donde compartieron sus experiencias y propuestas surgidas de este ejercicio democr\u00e1tico.<\/p>\n<p>El presidente de la Junta de Gobierno del Congreso del Estado, Humberto Prieto Herrera, destac\u00f3 que la presencia de las y los menores en este espacio refleja el compromiso del Poder Legislativo con una agenda incluyente y participativa.<\/p>\n<p>\u201cHay que incluir a todos, cuidar los derechos de todas y todos. En este Congreso vamos a seguir empujando para que haya mayores oportunidades para las personas con trastornos neurodivergentes y para toda la ni\u00f1ez tamaulipeca\u201d, expres\u00f3.<\/p>\n<p>Durante la conferencia participaron Leonardo Xavier Romero Osorio, Victoria Alessandra Leos Chuy e Isaac Robbins Alambar, quienes relataron su experiencia dentro del Parlamento Infantil y la importancia de contar con espacios para expresar sus ideas.<\/p>\n<p>Victoria Alessandra destac\u00f3 el impulso que representa para las ni\u00f1as y ni\u00f1os participar en estos ejercicios y visibilizar causas importantes para la ni\u00f1ez.<\/p>\n<p>\u201cMe preocupa que no le estemos dando suficiente visibilidad a personas con condiciones del neurodesarrollo como el autismo o el TDAH; por eso fue importante presentar esta iniciativa y darla a conocer\u201d, se\u00f1al\u00f3.<\/p>\n<p>Por su parte, Leonardo Xavier Romero Osorio resalt\u00f3 el valor de involucrarse activamente en la vida p\u00fablica desde temprana edad.<\/p>\n<p>\u201cQuise participar porque sent\u00eda que pod\u00eda hacer m\u00e1s, no solo estar presente, sino aportar mis propias ideas\u201d, comparti\u00f3.<\/p>\n<p>En el encuentro, la secretaria ejecutiva de SIPINNA Tamaulipas, Ivette Salazar M\u00e1rquez, explic\u00f3 que una de las propuestas impulsadas por ni\u00f1as y ni\u00f1os del Consejo Consultivo es la iniciativa del \u201cMaestro Sombra\u201d, enfocada en fortalecer la atenci\u00f3n e inclusi\u00f3n de personas con condiciones del neurodesarrollo.<\/p>\n<p>\u201cEl inter\u00e9s superior de la ni\u00f1ez obliga al Estado a adoptar medidas para garantizar plenamente sus derechos, especialmente cuando existen condiciones de vulnerabilidad; por ello estas propuestas son fundamentales\u201d, puntualiz\u00f3.<\/p>\n<p>Al cierre, Humberto Prieto Herrera reconoci\u00f3 la participaci\u00f3n de las y los integrantes del Parlamento Infantil y subray\u00f3 que su presencia enriqueci\u00f3 el di\u00e1logo p\u00fablico en el Congreso.<\/p>\n<p>\u201cHoy las voces de la ni\u00f1ez estuvieron presentes en esta ma\u00f1anera legislativa, y eso fortalece la construcci\u00f3n de un Tamaulipas m\u00e1s incluyente y participativo\u201d, concluy\u00f3.<\/p>\n<p>En la conferencia adem\u00e1s se abordaron temas como la prevenci\u00f3n en el uso de redes sociales y retos virales, inclusi\u00f3n educativa y acciones interinstitucionales en favor de ni\u00f1as, ni\u00f1os y adolescentes.<\/p>\n<p><img loading=\"lazy\" decoding=\"async\" class=\"aligncenter size-full wp-image-210459\" src=\"https:\/\/www.buroperiodistico.com.mx\/wp-content\/uploads\/2026\/04\/Ninox-I.jpeg\" alt=\"\" width=\"640\" height=\"426\" srcset=\"https:\/\/www.buroperiodistico.com.mx\/wp-content\/uploads\/2026\/04\/Ninox-I.jpeg 640w, https:\/\/www.buroperiodistico.com.mx\/wp-content\/uploads\/2026\/04\/Ninox-I-300x200.jpeg 300w\" sizes=\"auto, (max-width: 640px) 100vw, 640px\" \/><\/p>\n","protected":false},"excerpt":{"rendered":"<p>Cd. Victoria, Tam (28-Abril-2026).- En un ejercicio que fortalece la participaci\u00f3n de la ni\u00f1ez en&#8230;<\/p>\n","protected":false},"author":1,"featured_media":210460,"comment_status":"closed","ping_status":"closed","sticky":false,"template":"","format":"standard","meta":{"footnotes":"","jetpack_publicize_message":"","jetpack_publicize_feature_enabled":true,"jetpack_social_post_already_shared":true,"jetpack_social_options":{"image_generator_settings":{"template":"highway","default_image_id":0,"font":"","enabled":false},"version":2}},"categories":[17],"tags":[],"class_list":["post-210458","post","type-post","status-publish","format-standard","has-post-thumbnail","hentry","category-ciudadvictoria"],"jetpack_publicize_connections":[],"_links":{"self":[{"href":"https:\/\/www.buroperiodistico.com.mx\/index.php?rest_route=\/wp\/v2\/posts\/210458","targetHints":{"allow":["GET"]}}],"collection":[{"href":"https:\/\/www.buroperiodistico.com.mx\/index.php?rest_route=\/wp\/v2\/posts"}],"about":[{"href":"https:\/\/www.buroperiodistico.com.mx\/index.php?rest_route=\/wp\/v2\/types\/post"}],"author":[{"embeddable":true,"href":"https:\/\/www.buroperiodistico.com.mx\/index.php?rest_route=\/wp\/v2\/users\/1"}],"replies":[{"embeddable":true,"href":"https:\/\/www.buroperiodistico.com.mx\/index.php?rest_route=%2Fwp%2Fv2%2Fcomments&post=210458"}],"version-history":[{"count":1,"href":"https:\/\/www.buroperiodistico.com.mx\/index.php?rest_route=\/wp\/v2\/posts\/210458\/revisions"}],"predecessor-version":[{"id":210461,"href":"https:\/\/www.buroperiodistico.com.mx\/index.php?rest_route=\/wp\/v2\/posts\/210458\/revisions\/210461"}],"wp:featuredmedia":[{"embeddable":true,"href":"https:\/\/www.buroperiodistico.com.mx\/index.php?rest_route=\/wp\/v2\/media\/210460"}],"wp:attachment":[{"href":"https:\/\/www.buroperiodistico.com.mx\/index.php?rest_route=%2Fwp%2Fv2%2Fmedia&parent=210458"}],"wp:term":[{"taxonomy":"category","embeddable":true,"href":"https:\/\/www.buroperiodistico.com.mx\/index.php?rest_route=%2Fwp%2Fv2%2Fcategories&post=210458"},{"taxonomy":"post_tag","embeddable":true,"href":"https:\/\/www.buroperiodistico.com.mx\/index.php?rest_route=%2Fwp%2Fv2%2Ftags&post=210458"}],"curies":[{"name":"wp","href":"https:\/\/api.w.org\/{rel}","templated":true}]}}