{"id":210437,"date":"2026-04-28T10:04:05","date_gmt":"2026-04-28T15:04:05","guid":{"rendered":"https:\/\/www.buroperiodistico.com.mx\/?p=210437"},"modified":"2026-04-28T10:04:05","modified_gmt":"2026-04-28T15:04:05","slug":"reynosa-entre-el-miedo-y-la-inseguridad","status":"publish","type":"post","link":"https:\/\/www.buroperiodistico.com.mx\/?p=210437","title":{"rendered":"Reynosa entre el miedo y la inseguridad"},"content":{"rendered":"<ul>\n<li><strong><em>La diputada Eva Reyes pide reforzar la estrategia de seguridad, con mano firme y alertas inmediatas para recuperar la paz y la confianza ciudadana.<\/em><\/strong><\/li>\n<\/ul>\n<p><strong><img loading=\"lazy\" decoding=\"async\" class=\" wp-image-210438 alignright\" src=\"https:\/\/www.buroperiodistico.com.mx\/wp-content\/uploads\/2026\/04\/Dipx-1.jpg\" alt=\"\" width=\"538\" height=\"291\" srcset=\"https:\/\/www.buroperiodistico.com.mx\/wp-content\/uploads\/2026\/04\/Dipx-1.jpg 1110w, https:\/\/www.buroperiodistico.com.mx\/wp-content\/uploads\/2026\/04\/Dipx-1-300x162.jpg 300w, https:\/\/www.buroperiodistico.com.mx\/wp-content\/uploads\/2026\/04\/Dipx-1-1024x554.jpg 1024w, https:\/\/www.buroperiodistico.com.mx\/wp-content\/uploads\/2026\/04\/Dipx-1-768x415.jpg 768w\" sizes=\"auto, (max-width: 538px) 100vw, 538px\" \/>Por Julio Manuel Loya Guzm\u00e1n. <\/strong><\/p>\n<p><strong>Cd. Victoria, Tamaulipas.-<\/strong> Luego de que Reynosa registrara un repunte significativo en la percepci\u00f3n de inseguridad, la diputada local Eva Reyes Gonz\u00e1lez urgi\u00f3 a las autoridades de justicia a desplegar acciones contundentes que permitan recuperar la paz, la tranquilidad y la confianza de la ciudadan\u00eda.<\/p>\n<p>La legisladora reynosense, presidenta de la Comisi\u00f3n de Derechos Humanos en el Congreso del Estado, advirti\u00f3 que los resultados de la Encuesta Nacional de Seguridad P\u00fablica Urbana (ENSU) del INEGI, correspondientes a abril de 2026, reflejan un deterioro sostenido en la seguridad p\u00fablica y evidencian la necesidad de endurecer la estrategia en esta ciudad fronteriza.<\/p>\n<p>Y es que, de acuerdo con la evaluaci\u00f3n del INEGI, el 86.1% de los habitantes de Reynosa se siente inseguro, cifra superior al 81.7% reportado en diciembre de 2025.<\/p>\n<p>Destac\u00f3 que el episodio m\u00e1s reciente de violencia, registrado la madrugada de este lunes, volvi\u00f3 a paralizar tramos clave como la carretera Monterrey\u2013Reynosa, una de las rutas m\u00e1s transitadas por trabajadores y estudiantes, dejando a familias en incertidumbre y temor.<\/p>\n<p>\u201cCada detenci\u00f3n de alto perfil viene acompa\u00f1ada de reacciones violentas: bloqueos, quema de unidades y caos. No podemos seguir normalizando ese escenario\u201d, advirti\u00f3 la legisladora.<\/p>\n<p>Mientras Reynosa se rezaga, otras ciudades del estado muestran avances. Nuevo Laredo redujo su percepci\u00f3n de inseguridad a 34.8%, mientras que Tampico, Ciudad Madero y Altamira se posicionaron entre las m\u00e1s seguras del pa\u00eds. \u201cEsto nos dice que se requiere una estrategia diferente para nuestra ciudad\u201d, subray\u00f3.<\/p>\n<p>Para Reyes Gonz\u00e1lez, el problema en Reynosa no solo es operativo, sino tambi\u00e9n de comunicaci\u00f3n. Se\u00f1al\u00f3 que la falta de alertas oficiales oportunas agrava la crisis, al obligar a la ciudadan\u00eda a depender de redes sociales y cadenas informales para resguardarse.<\/p>\n<p>\u201cLa gente ya se cuida sola, se avisa entre grupos, pero hace falta una vocer\u00eda fuerte, constante y en tiempo real. Eso tambi\u00e9n es seguridad\u201d, sostuvo.<\/p>\n<p>La legisladora plante\u00f3 la implementaci\u00f3n de sistemas de alerta alternativos \u2014como sirenas o se\u00f1ales visuales\u2014 para advertir a la poblaci\u00f3n, especialmente a quienes no tienen acceso a internet.<\/p>\n<p>Resalt\u00f3 que la violencia recurrente ha generado una \u201ccultura del miedo\u201d que impacta decisiones cotidianas, desde salir a trabajar hasta enviar a los hijos a la escuela. \u201cReynosa no puede acostumbrarse a vivir as\u00ed. Nadie se acostumbra al miedo\u201d, concluy\u00f3.<\/p>\n","protected":false},"excerpt":{"rendered":"<p>La diputada Eva Reyes pide reforzar la estrategia de seguridad, con mano firme y alertas&#8230;<\/p>\n","protected":false},"author":1,"featured_media":210438,"comment_status":"closed","ping_status":"closed","sticky":false,"template":"","format":"standard","meta":{"footnotes":"","jetpack_publicize_message":"","jetpack_publicize_feature_enabled":true,"jetpack_social_post_already_shared":true,"jetpack_social_options":{"image_generator_settings":{"template":"highway","default_image_id":0,"font":"","enabled":false},"version":2}},"categories":[17,25],"tags":[],"class_list":["post-210437","post","type-post","status-publish","format-standard","has-post-thumbnail","hentry","category-ciudadvictoria","category-portada"],"jetpack_publicize_connections":[],"_links":{"self":[{"href":"https:\/\/www.buroperiodistico.com.mx\/index.php?rest_route=\/wp\/v2\/posts\/210437","targetHints":{"allow":["GET"]}}],"collection":[{"href":"https:\/\/www.buroperiodistico.com.mx\/index.php?rest_route=\/wp\/v2\/posts"}],"about":[{"href":"https:\/\/www.buroperiodistico.com.mx\/index.php?rest_route=\/wp\/v2\/types\/post"}],"author":[{"embeddable":true,"href":"https:\/\/www.buroperiodistico.com.mx\/index.php?rest_route=\/wp\/v2\/users\/1"}],"replies":[{"embeddable":true,"href":"https:\/\/www.buroperiodistico.com.mx\/index.php?rest_route=%2Fwp%2Fv2%2Fcomments&post=210437"}],"version-history":[{"count":1,"href":"https:\/\/www.buroperiodistico.com.mx\/index.php?rest_route=\/wp\/v2\/posts\/210437\/revisions"}],"predecessor-version":[{"id":210439,"href":"https:\/\/www.buroperiodistico.com.mx\/index.php?rest_route=\/wp\/v2\/posts\/210437\/revisions\/210439"}],"wp:featuredmedia":[{"embeddable":true,"href":"https:\/\/www.buroperiodistico.com.mx\/index.php?rest_route=\/wp\/v2\/media\/210438"}],"wp:attachment":[{"href":"https:\/\/www.buroperiodistico.com.mx\/index.php?rest_route=%2Fwp%2Fv2%2Fmedia&parent=210437"}],"wp:term":[{"taxonomy":"category","embeddable":true,"href":"https:\/\/www.buroperiodistico.com.mx\/index.php?rest_route=%2Fwp%2Fv2%2Fcategories&post=210437"},{"taxonomy":"post_tag","embeddable":true,"href":"https:\/\/www.buroperiodistico.com.mx\/index.php?rest_route=%2Fwp%2Fv2%2Ftags&post=210437"}],"curies":[{"name":"wp","href":"https:\/\/api.w.org\/{rel}","templated":true}]}}