{"id":210428,"date":"2026-04-28T01:58:12","date_gmt":"2026-04-28T06:58:12","guid":{"rendered":"https:\/\/www.buroperiodistico.com.mx\/?p=210428"},"modified":"2026-04-28T01:58:12","modified_gmt":"2026-04-28T06:58:12","slug":"senadora-olga-sosa-presenta-iniciativas-en-materia-de-accesibilidad-cultural-y-aprovechamiento-de-libros-de-texto-gratuitos","status":"publish","type":"post","link":"https:\/\/www.buroperiodistico.com.mx\/?p=210428","title":{"rendered":"Senadora Olga Sosa presenta iniciativas en materia de accesibilidad cultural y aprovechamiento de libros de texto gratuitos"},"content":{"rendered":"<ul>\n<li><strong><em>Las propuestas buscan fortalecer la inclusi\u00f3n, la equidad educativa y el uso eficiente de recursos p\u00fablicos.<\/em><\/strong><\/li>\n<\/ul>\n<p><strong><img loading=\"lazy\" decoding=\"async\" class=\" wp-image-210429 alignright\" src=\"https:\/\/www.buroperiodistico.com.mx\/wp-content\/uploads\/2026\/04\/Olgax-12.jpeg\" alt=\"\" width=\"415\" height=\"266\" srcset=\"https:\/\/www.buroperiodistico.com.mx\/wp-content\/uploads\/2026\/04\/Olgax-12.jpeg 1024w, https:\/\/www.buroperiodistico.com.mx\/wp-content\/uploads\/2026\/04\/Olgax-12-300x192.jpeg 300w, https:\/\/www.buroperiodistico.com.mx\/wp-content\/uploads\/2026\/04\/Olgax-12-768x492.jpeg 768w\" sizes=\"auto, (max-width: 415px) 100vw, 415px\" \/>Ciudad de M\u00e9xico (26-Abril-2026).-<\/strong> La senadora tamaulipeca, del Grupo Parlamentario de Morena, Olga Sosa Ru\u00edz, present\u00f3 en el Senado de la Rep\u00fablica dos iniciativas orientadas a fortalecer la inclusi\u00f3n social y la equidad en el acceso a derechos fundamentales, particularmente en materia de accesibilidad cultural y educaci\u00f3n.<\/p>\n<p>En primera instancia, la legisladora propuso una iniciativa con proyecto de decreto por el que se reforma el art\u00edculo 26 de la Ley General para la Inclusi\u00f3n de las Personas con Discapacidad, con el objetivo de garantizar condiciones m\u00ednimas de accesibilidad en los espacios culturales p\u00fablicos.<\/p>\n<p>La propuesta parte del reconocimiento de que, la inclusi\u00f3n y la accesibilidad constituyen principios rectores del Estado mexicano, sustentados en la Constituci\u00f3n Pol\u00edtica de los Estados Unidos Mexicanos y en instrumentos internacionales como la Convenci\u00f3n sobre los Derechos de las Personas con Discapacidad. En este sentido, se plantea que la accesibilidad no debe entenderse como un acto de asistencia, sino como una condici\u00f3n indispensable para el ejercicio pleno de los derechos humanos.<\/p>\n<p>La iniciativa se\u00f1ala que, pese a los avances registrados, a\u00fan persisten barreras f\u00edsicas, sensoriales y comunicacionales en museos y recintos culturales, lo que limita el acceso efectivo de las personas con discapacidad, entre estas barreras destacan la ausencia de materiales en sistema Braille, formatos de lectura f\u00e1cil, audiogu\u00edas accesibles y personal capacitado en atenci\u00f3n incluyente.<\/p>\n<p>Ante ello, la reforma propone establecer obligaciones espec\u00edficas y progresivas, como garantizar que las exposiciones permanentes en museos p\u00fablicos federales cuenten con fichas t\u00e9cnicas en formatos accesibles, as\u00ed como asegurar la realizaci\u00f3n peri\u00f3dica de visitas guiadas incluyentes en aquellos recintos que cuenten con este servicio. Con estas medidas, se busca avanzar hacia la accesibilidad universal, reducir brechas estructurales y fortalecer el car\u00e1cter incluyente de los espacios culturales.<\/p>\n<p>La senadora destac\u00f3 que, garantizar el acceso efectivo a la cultura no solo beneficia a las personas con discapacidad, sino que, fortalece la identidad nacional y la participaci\u00f3n social al permitir que todas las personas formen parte de la construcci\u00f3n cultural del pa\u00eds.<\/p>\n<p>Por otra parte, la legisladora present\u00f3 una iniciativa con proyecto de decreto por el que se adiciona la fracci\u00f3n XIV del art\u00edculo 9 y un art\u00edculo 30 Bis a la Ley General de Educaci\u00f3n, en materia de aprovechamiento, reutilizaci\u00f3n y donaci\u00f3n de libros de texto gratuitos.<\/p>\n<p>Esta propuesta tiene como objetivo fortalecer el derecho a la educaci\u00f3n mediante el uso eficiente de los recursos educativos, promoviendo la reutilizaci\u00f3n de los libros de texto gratuitos distribuidos por el Estado; la iniciativa reconoce que, si bien cada ciclo escolar se entrega millones de ejemplares a trav\u00e9s de la Comisi\u00f3n Nacional de Libros de Texto Gratuitos (CONALITEG), una proporci\u00f3n considerable de estos materiales no se reutiliza, a pesar de encontrarse en condiciones adecuadas.<\/p>\n<p>En este sentido, se plantea la creaci\u00f3n de un esquema que permita la entrega voluntaria de libros por parte de los estudiantes, as\u00ed como su recepci\u00f3n, clasificaci\u00f3n y reasignaci\u00f3n por las instituciones educativas, con el fin de extender su vida \u00fatil y ampliar su impacto social.<\/p>\n<p>La propuesta subraya, que el acceso a materiales educativos es una condici\u00f3n esencial para garantizar una educaci\u00f3n equitativa y de calidad, especialmente en contextos de vulnerabilidad, destaca que, la reutilizaci\u00f3n de libros no solo contribuye a reducir barreras econ\u00f3micas, sino que tambi\u00e9n fortalece la eficiencia en el uso de los recursos p\u00fablicos y promueve una cultura de responsabilidad social y ambiental.<\/p>\n<p>De igual forma, la iniciativa incorpora un enfoque de corresponsabilidad social, en el que la comunidad educativa participa de manera voluntaria, sin la imposici\u00f3n de sanciones o cargas obligatorias, garantizando su viabilidad operativa y su congruencia con los principios de gratuidad, acceso y no discriminaci\u00f3n.<\/p>\n","protected":false},"excerpt":{"rendered":"<p>Las propuestas buscan fortalecer la inclusi\u00f3n, la equidad educativa y el uso eficiente de recursos&#8230;<\/p>\n","protected":false},"author":1,"featured_media":210429,"comment_status":"closed","ping_status":"closed","sticky":false,"template":"","format":"standard","meta":{"footnotes":"","jetpack_publicize_message":"","jetpack_publicize_feature_enabled":true,"jetpack_social_post_already_shared":true,"jetpack_social_options":{"image_generator_settings":{"template":"highway","default_image_id":0,"font":"","enabled":false},"version":2}},"categories":[11],"tags":[],"class_list":["post-210428","post","type-post","status-publish","format-standard","has-post-thumbnail","hentry","category-nacional"],"jetpack_publicize_connections":[],"_links":{"self":[{"href":"https:\/\/www.buroperiodistico.com.mx\/index.php?rest_route=\/wp\/v2\/posts\/210428","targetHints":{"allow":["GET"]}}],"collection":[{"href":"https:\/\/www.buroperiodistico.com.mx\/index.php?rest_route=\/wp\/v2\/posts"}],"about":[{"href":"https:\/\/www.buroperiodistico.com.mx\/index.php?rest_route=\/wp\/v2\/types\/post"}],"author":[{"embeddable":true,"href":"https:\/\/www.buroperiodistico.com.mx\/index.php?rest_route=\/wp\/v2\/users\/1"}],"replies":[{"embeddable":true,"href":"https:\/\/www.buroperiodistico.com.mx\/index.php?rest_route=%2Fwp%2Fv2%2Fcomments&post=210428"}],"version-history":[{"count":2,"href":"https:\/\/www.buroperiodistico.com.mx\/index.php?rest_route=\/wp\/v2\/posts\/210428\/revisions"}],"predecessor-version":[{"id":210431,"href":"https:\/\/www.buroperiodistico.com.mx\/index.php?rest_route=\/wp\/v2\/posts\/210428\/revisions\/210431"}],"wp:featuredmedia":[{"embeddable":true,"href":"https:\/\/www.buroperiodistico.com.mx\/index.php?rest_route=\/wp\/v2\/media\/210429"}],"wp:attachment":[{"href":"https:\/\/www.buroperiodistico.com.mx\/index.php?rest_route=%2Fwp%2Fv2%2Fmedia&parent=210428"}],"wp:term":[{"taxonomy":"category","embeddable":true,"href":"https:\/\/www.buroperiodistico.com.mx\/index.php?rest_route=%2Fwp%2Fv2%2Fcategories&post=210428"},{"taxonomy":"post_tag","embeddable":true,"href":"https:\/\/www.buroperiodistico.com.mx\/index.php?rest_route=%2Fwp%2Fv2%2Ftags&post=210428"}],"curies":[{"name":"wp","href":"https:\/\/api.w.org\/{rel}","templated":true}]}}