{"id":210425,"date":"2026-04-27T22:08:08","date_gmt":"2026-04-28T03:08:08","guid":{"rendered":"https:\/\/www.buroperiodistico.com.mx\/?p=210425"},"modified":"2026-04-27T22:08:08","modified_gmt":"2026-04-28T03:08:08","slug":"acompano-la-senadora-maki-ortiz-a-15-mil-asistentes-al-dia-del-nino-2026","status":"publish","type":"post","link":"https:\/\/www.buroperiodistico.com.mx\/?p=210425","title":{"rendered":"Acompa\u00f1\u00f3 la senadora Maki Ortiz a 15 mil asistentes al \u00abD\u00eda del Ni\u00f1o 2026\u00bb"},"content":{"rendered":"<p><em><strong><img loading=\"lazy\" decoding=\"async\" class=\" wp-image-210426 alignright\" src=\"https:\/\/www.buroperiodistico.com.mx\/wp-content\/uploads\/2026\/04\/Makix.jpg\" alt=\"\" width=\"512\" height=\"277\" srcset=\"https:\/\/www.buroperiodistico.com.mx\/wp-content\/uploads\/2026\/04\/Makix.jpg 1110w, https:\/\/www.buroperiodistico.com.mx\/wp-content\/uploads\/2026\/04\/Makix-300x162.jpg 300w, https:\/\/www.buroperiodistico.com.mx\/wp-content\/uploads\/2026\/04\/Makix-1024x554.jpg 1024w, https:\/\/www.buroperiodistico.com.mx\/wp-content\/uploads\/2026\/04\/Makix-768x415.jpg 768w\" sizes=\"auto, (max-width: 512px) 100vw, 512px\" \/>Reynosa, Tam (27-Abril-2026).-<\/strong><\/em> La senadora Maki Esther Ortiz Dom\u00ednguez asisti\u00f3 a la celebraci\u00f3n del D\u00eda del Ni\u00f1o 2026 en la que m\u00e1s de 15 mil personas disfrutaron del show infantil de Luli Pamp\u00edn, organizado por el presidente municipal Carlos Pe\u00f1a Ortiz. en el Polideportivo Reynosa,<\/p>\n<p>\u00abNuestros ni\u00f1os y ni\u00f1as son un gran tesoro de nuestro presente y de nuestro futuro, felicito al Gobierno Municipal de Reynosa por esta festejo tan grandioso para celebrar su d\u00eda con un espect\u00e1culo tan bonito\u00bb, dijo la senadora de la Rep\u00fablica.<\/p>\n<p>Dentro de sus iniciativas la legisladora hace \u00e9nfasis en el impacto positivo que deben tener los cambios que el pa\u00eds est\u00e1 dando en este per\u00edodo del Gobierno de M\u00e9xico, para asegurar un pa\u00eds digno y m\u00e1s seguro para ellos.<\/p>\n","protected":false},"excerpt":{"rendered":"<p>Reynosa, Tam (27-Abril-2026).- La senadora Maki Esther Ortiz Dom\u00ednguez asisti\u00f3 a la celebraci\u00f3n del D\u00eda&#8230;<\/p>\n","protected":false},"author":1,"featured_media":210426,"comment_status":"closed","ping_status":"closed","sticky":false,"template":"","format":"standard","meta":{"footnotes":"","jetpack_publicize_message":"","jetpack_publicize_feature_enabled":true,"jetpack_social_post_already_shared":true,"jetpack_social_options":{"image_generator_settings":{"template":"highway","default_image_id":0,"font":"","enabled":false},"version":2}},"categories":[25,9],"tags":[],"class_list":["post-210425","post","type-post","status-publish","format-standard","has-post-thumbnail","hentry","category-portada","category-reynosa"],"jetpack_publicize_connections":[],"_links":{"self":[{"href":"https:\/\/www.buroperiodistico.com.mx\/index.php?rest_route=\/wp\/v2\/posts\/210425","targetHints":{"allow":["GET"]}}],"collection":[{"href":"https:\/\/www.buroperiodistico.com.mx\/index.php?rest_route=\/wp\/v2\/posts"}],"about":[{"href":"https:\/\/www.buroperiodistico.com.mx\/index.php?rest_route=\/wp\/v2\/types\/post"}],"author":[{"embeddable":true,"href":"https:\/\/www.buroperiodistico.com.mx\/index.php?rest_route=\/wp\/v2\/users\/1"}],"replies":[{"embeddable":true,"href":"https:\/\/www.buroperiodistico.com.mx\/index.php?rest_route=%2Fwp%2Fv2%2Fcomments&post=210425"}],"version-history":[{"count":1,"href":"https:\/\/www.buroperiodistico.com.mx\/index.php?rest_route=\/wp\/v2\/posts\/210425\/revisions"}],"predecessor-version":[{"id":210427,"href":"https:\/\/www.buroperiodistico.com.mx\/index.php?rest_route=\/wp\/v2\/posts\/210425\/revisions\/210427"}],"wp:featuredmedia":[{"embeddable":true,"href":"https:\/\/www.buroperiodistico.com.mx\/index.php?rest_route=\/wp\/v2\/media\/210426"}],"wp:attachment":[{"href":"https:\/\/www.buroperiodistico.com.mx\/index.php?rest_route=%2Fwp%2Fv2%2Fmedia&parent=210425"}],"wp:term":[{"taxonomy":"category","embeddable":true,"href":"https:\/\/www.buroperiodistico.com.mx\/index.php?rest_route=%2Fwp%2Fv2%2Fcategories&post=210425"},{"taxonomy":"post_tag","embeddable":true,"href":"https:\/\/www.buroperiodistico.com.mx\/index.php?rest_route=%2Fwp%2Fv2%2Ftags&post=210425"}],"curies":[{"name":"wp","href":"https:\/\/api.w.org\/{rel}","templated":true}]}}