{"id":210421,"date":"2026-04-27T20:59:51","date_gmt":"2026-04-28T01:59:51","guid":{"rendered":"https:\/\/www.buroperiodistico.com.mx\/?p=210421"},"modified":"2026-04-27T20:59:51","modified_gmt":"2026-04-28T01:59:51","slug":"hipodromo-politico-por-carlos-g-cortes-garcia-267","status":"publish","type":"post","link":"https:\/\/www.buroperiodistico.com.mx\/?p=210421","title":{"rendered":"Hip\u00f3dromo Pol\u00edtico\/ Por Carlos G. Cort\u00e9s Garc\u00eda"},"content":{"rendered":"<p style=\"text-align: center;\"><strong><em>AM\u00c9RICO VILLARREAL: LA CURVA QUE VA EN ASCENSO<\/em><\/strong><\/p>\n<ul>\n<li><strong><em>De acuerdo a mediciones levantadas en las \u00faltimas semanas por la encuestadora Consulta Mitofsky, el Gobernador de Tamaulipas, Am\u00e9rico Villarreal Anaya, en los \u00faltimos meses ha crecido en su popularidad frente a la ciudadan\u00eda tamaulipeca, resultado de sus buenas acciones y de los datos duros que ponen a Tamaulipas, y a su gobernador, en una buena posici\u00f3n a nivel nacional, lo que permite vislumbrar que en las elecciones de 2027, la administraci\u00f3n morenista de Tamaulipas lograr\u00e1 mantener una mayor\u00eda en los cargos de elecci\u00f3n popular que estar\u00e1n en juego.<\/em><\/strong><\/li>\n<\/ul>\n<p><em><strong>(27-Abril-2026).-<\/strong><\/em> En pol\u00edtica, pocas m\u00e9tricas son tan observadas \u2014y a la vez tan vol\u00e1tiles\u2014 como la aprobaci\u00f3n ciudadana. No es un dato menor: es el pulso del \u00e1nimo social. Y en ese terreno, el gobernador de Tamaulipas, Am\u00e9rico Villarreal Anaya, parece estar viviendo un momento de recuperaci\u00f3n, un buen momento.<\/p>\n<p>De acuerdo con el m\u00e1s reciente seguimiento de Consulta Mitofsky, el mandatario tamaulipeco ha mostrado una tendencia ascendente en su nivel de aprobaci\u00f3n, avanzando posiciones dentro del ranking nacional y acerc\u00e1ndose a la zona media-alta de la tabla.<\/p>\n<p>Y no se trata de un repunte espectacular ni de un salto s\u00fabito al top nacional, pero s\u00ed de algo pol\u00edticamente relevante: consistencia en la recuperaci\u00f3n. O lo que es lo mismo, en mi pueblo dicen que m\u00e1s vale paso que dure y no trote que canse. Y as\u00ed lo est\u00e1 aplicando el mandatario de Tamaulipas.<\/p>\n<p>Y es que en un entorno donde la mayor\u00eda de los gobernadores se mantienen por debajo del 50% de aprobaci\u00f3n promedio, subir \u2014aunque sea gradualmente\u2014 implica una recomposici\u00f3n de la percepci\u00f3n p\u00fablica.<\/p>\n<p>Hace apenas unos meses, el Gobernador Tamaulipeco, Am\u00e9rico Villarreal Anaya, figuraba en la parte baja del ranking, con niveles de aprobaci\u00f3n por debajo de otros mandatarios estatales. Sin embargo, los datos m\u00e1s recientes sugieren que esa etapa de desgaste inicial comienza a quedar atr\u00e1s.<\/p>\n<p>La lectura pol\u00edtica es clara: los gobiernos no son est\u00e1ticos, y la percepci\u00f3n ciudadana puede cambiar conforme se consolidan pol\u00edticas p\u00fablicas, mejora la comunicaci\u00f3n institucional o se estabiliza la gobernabilidad. Y en el caso de Tamaulipas, varios factores podr\u00edan estar incidiendo: mayor presencia del gobierno estatal en temas de bienestar social;coordinaci\u00f3n eficaz y eficiente con el gobierno federal y una narrativa de estabilidad frente a los problemas hist\u00f3ricos de seguridad.<\/p>\n<p>Pero tambi\u00e9n hay que decirlo: el comportamiento de la aprobaci\u00f3n no ocurre en el vac\u00edo. El propio ranking de Mitofsky muestra que existe una alta movilidad entre los gobernadores, con subidas y bajadas constantes mes a mes. Es decir, el avance de Villarreal Anaya no solo habla de su gesti\u00f3n, sino tambi\u00e9n de un escenario nacional donde la competencia por la percepci\u00f3n p\u00fablica es cada vez m\u00e1s cerrada.<\/p>\n<p>Adem\u00e1s, el hecho de que algunos mandatarios lideren consistentemente con niveles superiores al 50% \u2014principalmente en el centro del pa\u00eds\u2014 coloca una vara alta para entidades como Tamaulipas, donde hist\u00f3ricamente los niveles de aprobaci\u00f3n han sido m\u00e1s inestables.<\/p>\n<p>La pregunta de fondo es si este repunte representa una mejora estructural o simplemente un ajuste coyuntural, porque en pol\u00edtica, subir es dif\u00edcil\u2026 pero sostenerse lo es a\u00fan m\u00e1s.<\/p>\n<p>Si la tendencia se mantiene en las pr\u00f3ximas semana, c\u00f3mo se prev\u00e9, entonces el Gobernador Am\u00e9rico Villarreal Anaya se estar\u00eda consolidando como un gobernador en franca recuperaci\u00f3n, capaz de revertir percepciones adversas y llegar al proceso electoral de 2027 con una fuerza inusitada y con un liderazgo innegable, lo que le va a permitir entregar buenas cuentas a la Presidenta de M\u00e9xico, Claudia Sheinbaum Pardo, y por supuesto a su partido.<\/p>\n<p>La evidencia es clara: hay una curva ascendente. Hoy, la imagen del gobernador de Tamaulipas ha crecido, y no permanece en el fondo \u201cdel medallero\u201d, sino que est\u00e1 en tr\u00e1nsito. Y en pol\u00edtica, los momentos de tr\u00e1nsito suelen ser los m\u00e1s decisivos, porque no definen lo que un gobierno fue\u2026 sino lo que puede llegar a ser.<\/p>\n<p>Dentro del ranking Mitofsky, publicado por el peri\u00f3dico El Economista, hace no mucho tiempo, el Gobernador de Tamaulipas lleg\u00f3 a ocupar el \u00faltimo lugar, en un contexto marcado por altibajos vinculados a temas de inseguridad. Sin embargo, a partir de ah\u00ed comenz\u00f3 una recuperaci\u00f3n gradual, punto a punto, d\u00e9cima a d\u00e9cima. Y hoy, el mandatario tamaulipeco supera el 53% de aprobaci\u00f3n, ha escalado m\u00e1s de 15 posiciones y ya se ubica por encima del promedio nacional.<\/p>\n<p>Adem\u00e1s, dentro de la cuenca del Golfo, Am\u00e9rico se coloca como el segundo mandatario mejor evaluado, solo detr\u00e1s de Quintana Roo, lo que no es un salto aislado, sino una tendencia que ha cambiado por completo la narrativa pol\u00edtica nacional.<\/p>\n<p>El ascenso de Am\u00e9rico Villarreal Anaya en el ranking de Consulta Mitofsky no es una percepci\u00f3n aislada, sino que se sostiene en datos medibles, comparables y consistentes en el tiempo:<\/p>\n<p>Inversi\u00f3n medible en capacidad operativa y la instalaci\u00f3n en proceso de 1,600 nuevas c\u00e1maras de videovigilancia, 275 de ellas, con reconocimiento de placas<\/p>\n<p>En econom\u00eda, Tamaulipas logra liderazgo nacional en indicadores clave: Primer lugar nacional en actividad industrial; primer lugar en crecimiento del salario real; y primer lugar en flujo comercial terrestre M\u00e9xico\u2013Estados Unidos. Y es l\u00f3gico que, cuando el ingreso y el empleo mejoran, la aprobaci\u00f3n sube.<\/p>\n<p>Asimismo, el gobierno de Tamaulipas, bajo el liderazgo de Am\u00e9rico Villarreal Anaya, ha constru\u00eddo disciplina financiera y y establecido acciones frontales de combate a la corrupci\u00f3n, logrando una reducci\u00f3n importante a la deuda heredada, lo que abona en percepci\u00f3n de honestidad gubernamental, que es, sin duda, una variable clave en la aprobaci\u00f3n del Gobernador de Tamaulipas.<\/p>\n<p>Pero tambi\u00e9n, el turismo ha logrado un crecimiento con cifras r\u00e9cord en 2025: 2.8 millones de visitantes y m\u00e1s de 2,600 millones de pesos de derrama econ\u00f3mica. Y es que el turismo es un term\u00f3metro inmediato de percepci\u00f3n de seguridad y dinamismo econ\u00f3mico, que adem\u00e1s impacta directamente en la econom\u00eda estatal.<\/p>\n<p>Y en el tema del comercio exterior: se percibe la fortaleza estructural del estado de Tamaulipas al mantener el primer lugar en flujo comercial terrestre con los Estados Unidos, con lo que se refuerza la imagen de que Tamaulipas es un estado estrat\u00e9gico y funcional, lo que mejora la evaluaci\u00f3n del gobierno.<\/p>\n<p>Y la percepci\u00f3n de inseguridad que a nivel nacional baj\u00f3 de 69.9% a 61.9%, y que, aunque nacional, su percepci\u00f3n beneficia a los gobiernos estatales, alineados con la administraci\u00f3n federal de la Presidenta Claudia Sheinbaum Pardo, incluyendo Tamaulipas.<\/p>\n<p>As\u00ed pues, puede leerse la mejora del gobernador de Tamaulipas, Am\u00e9rico Villarreal Anaya, como una mezcla multifactorial que, a final de cuentas,<\/p>\n<p>PD. 1. Es un secreto a voces que el pr\u00f3ximo domingo 3 de mayo, Ariadna Montiel, a\u00fan secretaria del Bienestar Federal, ser\u00e1 ungida como la nueva presidenta del Movimiento de Regeneraci\u00f3n Nacional, y Citlali Hern\u00e1ndez, la ex secretaria de la Mujer del Gobierno Federal, como nueva Secretaria General de ese partido pol\u00edtico. La cita ser\u00e1 a las 11:00 horas en el World Trade Center de la Ciudad de M\u00e9xico, donde se espera la presencia multitudinaria de dirigentes, l\u00edderes, gobernadores, diputados federales, senadores, diputados locales, alcaldes y militantes, en la unci\u00f3n de la nueva dirigencia.<\/p>\n<p>\u00bfY a partir del cambio nacional, en Tamaulipas, podr\u00e1 esperarse tambi\u00e9n un cambio de dirigencia morenista, previo al proceso electoral de 2027? Veremos y diremos.<\/p>\n<p>Gracias por recibirnos. Sus comentarios son bien recibidos en nuestro correo electr\u00f3nico hipodromo.politico@gmail.com. Y tambi\u00e9n estamos en Twitter @MXCarlosCortes.<\/p>\n","protected":false},"excerpt":{"rendered":"<p>AM\u00c9RICO VILLARREAL: LA CURVA QUE VA EN ASCENSO De acuerdo a mediciones levantadas en las&#8230;<\/p>\n","protected":false},"author":1,"featured_media":149900,"comment_status":"closed","ping_status":"closed","sticky":false,"template":"","format":"standard","meta":{"footnotes":"","jetpack_publicize_message":"","jetpack_publicize_feature_enabled":true,"jetpack_social_post_already_shared":true,"jetpack_social_options":{"image_generator_settings":{"template":"highway","default_image_id":0,"font":"","enabled":false},"version":2}},"categories":[23],"tags":[],"class_list":["post-210421","post","type-post","status-publish","format-standard","has-post-thumbnail","hentry","category-columnas"],"jetpack_publicize_connections":[],"_links":{"self":[{"href":"https:\/\/www.buroperiodistico.com.mx\/index.php?rest_route=\/wp\/v2\/posts\/210421","targetHints":{"allow":["GET"]}}],"collection":[{"href":"https:\/\/www.buroperiodistico.com.mx\/index.php?rest_route=\/wp\/v2\/posts"}],"about":[{"href":"https:\/\/www.buroperiodistico.com.mx\/index.php?rest_route=\/wp\/v2\/types\/post"}],"author":[{"embeddable":true,"href":"https:\/\/www.buroperiodistico.com.mx\/index.php?rest_route=\/wp\/v2\/users\/1"}],"replies":[{"embeddable":true,"href":"https:\/\/www.buroperiodistico.com.mx\/index.php?rest_route=%2Fwp%2Fv2%2Fcomments&post=210421"}],"version-history":[{"count":1,"href":"https:\/\/www.buroperiodistico.com.mx\/index.php?rest_route=\/wp\/v2\/posts\/210421\/revisions"}],"predecessor-version":[{"id":210422,"href":"https:\/\/www.buroperiodistico.com.mx\/index.php?rest_route=\/wp\/v2\/posts\/210421\/revisions\/210422"}],"wp:featuredmedia":[{"embeddable":true,"href":"https:\/\/www.buroperiodistico.com.mx\/index.php?rest_route=\/wp\/v2\/media\/149900"}],"wp:attachment":[{"href":"https:\/\/www.buroperiodistico.com.mx\/index.php?rest_route=%2Fwp%2Fv2%2Fmedia&parent=210421"}],"wp:term":[{"taxonomy":"category","embeddable":true,"href":"https:\/\/www.buroperiodistico.com.mx\/index.php?rest_route=%2Fwp%2Fv2%2Fcategories&post=210421"},{"taxonomy":"post_tag","embeddable":true,"href":"https:\/\/www.buroperiodistico.com.mx\/index.php?rest_route=%2Fwp%2Fv2%2Ftags&post=210421"}],"curies":[{"name":"wp","href":"https:\/\/api.w.org\/{rel}","templated":true}]}}