{"id":210417,"date":"2026-04-27T20:57:33","date_gmt":"2026-04-28T01:57:33","guid":{"rendered":"https:\/\/www.buroperiodistico.com.mx\/?p=210417"},"modified":"2026-04-27T20:57:33","modified_gmt":"2026-04-28T01:57:33","slug":"participa-pemex-a-traves-del-hospital-regional-reynosa-en-la-semana-nacional-de-vacunacion-2026","status":"publish","type":"post","link":"https:\/\/www.buroperiodistico.com.mx\/?p=210417","title":{"rendered":"Participa Pemex a trav\u00e9s del Hospital Regional Reynosa en la Semana Nacional de Vacunaci\u00f3n 2026"},"content":{"rendered":"<p><strong><em><img loading=\"lazy\" decoding=\"async\" class=\"size-full wp-image-210418 alignright\" src=\"https:\/\/www.buroperiodistico.com.mx\/wp-content\/uploads\/2026\/04\/Vacunx-I.jpg\" alt=\"\" width=\"480\" height=\"550\" srcset=\"https:\/\/www.buroperiodistico.com.mx\/wp-content\/uploads\/2026\/04\/Vacunx-I.jpg 480w, https:\/\/www.buroperiodistico.com.mx\/wp-content\/uploads\/2026\/04\/Vacunx-I-262x300.jpg 262w\" sizes=\"auto, (max-width: 480px) 100vw, 480px\" \/>Reynosa,Tamaulipas (27-Abril-2026).-<\/em><\/strong> Con el prop\u00f3sito de contribuir al bienestar de las y los trabajadores, derechohabientes, sus familias y poblaci\u00f3n en general, Petr\u00f3leos Mexicanos (Pemex) a trav\u00e9s del Hospital Regional Reynosa (HRR), participa del 27 de abril al 02 de mayo en la Semana Nacional de Vacunaci\u00f3n 2026, bajo el lema \u00abVacunar es Amar\u00bb.<\/p>\n<p>El objetivo de esta campa\u00f1a nacional, a cargo de los Servicios de Salud de la Empresa P\u00fablica del Estado, es intensificar las acciones de inmunizaci\u00f3n, completar esquemas y cerrar brechas de cobertura en ni\u00f1as y ni\u00f1os, adolescentes, personas adultas y grupos de riesgo de la familia petrolera y de la comunidad.<\/p>\n<p>Un grupo multidisciplinario integrado por personal de medicina preventiva, salud en el trabajo y asistencia m\u00e9dica, aplicar\u00e1 los biol\u00f3gicos de lunes a viernes, en un horario de 07:00 a 14:30 horas. Esta jornada nacional mantiene especial \u00e9nfasis en el inicio de esquemas en menores de un a\u00f1o.<\/p>\n<p>Pemex refrenda el compromiso de velar por la salud del activo m\u00e1s importante que tiene, las y los trabajadores.<\/p>\n","protected":false},"excerpt":{"rendered":"<p>Reynosa,Tamaulipas (27-Abril-2026).- Con el prop\u00f3sito de contribuir al bienestar de las y los trabajadores, derechohabientes,&#8230;<\/p>\n","protected":false},"author":1,"featured_media":210419,"comment_status":"closed","ping_status":"closed","sticky":false,"template":"","format":"standard","meta":{"footnotes":"","jetpack_publicize_message":"","jetpack_publicize_feature_enabled":true,"jetpack_social_post_already_shared":true,"jetpack_social_options":{"image_generator_settings":{"template":"highway","default_image_id":0,"font":"","enabled":false},"version":2}},"categories":[25,9],"tags":[],"class_list":["post-210417","post","type-post","status-publish","format-standard","has-post-thumbnail","hentry","category-portada","category-reynosa"],"jetpack_publicize_connections":[],"_links":{"self":[{"href":"https:\/\/www.buroperiodistico.com.mx\/index.php?rest_route=\/wp\/v2\/posts\/210417","targetHints":{"allow":["GET"]}}],"collection":[{"href":"https:\/\/www.buroperiodistico.com.mx\/index.php?rest_route=\/wp\/v2\/posts"}],"about":[{"href":"https:\/\/www.buroperiodistico.com.mx\/index.php?rest_route=\/wp\/v2\/types\/post"}],"author":[{"embeddable":true,"href":"https:\/\/www.buroperiodistico.com.mx\/index.php?rest_route=\/wp\/v2\/users\/1"}],"replies":[{"embeddable":true,"href":"https:\/\/www.buroperiodistico.com.mx\/index.php?rest_route=%2Fwp%2Fv2%2Fcomments&post=210417"}],"version-history":[{"count":1,"href":"https:\/\/www.buroperiodistico.com.mx\/index.php?rest_route=\/wp\/v2\/posts\/210417\/revisions"}],"predecessor-version":[{"id":210420,"href":"https:\/\/www.buroperiodistico.com.mx\/index.php?rest_route=\/wp\/v2\/posts\/210417\/revisions\/210420"}],"wp:featuredmedia":[{"embeddable":true,"href":"https:\/\/www.buroperiodistico.com.mx\/index.php?rest_route=\/wp\/v2\/media\/210419"}],"wp:attachment":[{"href":"https:\/\/www.buroperiodistico.com.mx\/index.php?rest_route=%2Fwp%2Fv2%2Fmedia&parent=210417"}],"wp:term":[{"taxonomy":"category","embeddable":true,"href":"https:\/\/www.buroperiodistico.com.mx\/index.php?rest_route=%2Fwp%2Fv2%2Fcategories&post=210417"},{"taxonomy":"post_tag","embeddable":true,"href":"https:\/\/www.buroperiodistico.com.mx\/index.php?rest_route=%2Fwp%2Fv2%2Ftags&post=210417"}],"curies":[{"name":"wp","href":"https:\/\/api.w.org\/{rel}","templated":true}]}}