{"id":210401,"date":"2026-04-27T20:14:52","date_gmt":"2026-04-28T01:14:52","guid":{"rendered":"https:\/\/www.buroperiodistico.com.mx\/?p=210401"},"modified":"2026-04-27T20:14:52","modified_gmt":"2026-04-28T01:14:52","slug":"realiza-sipinna-tamaulipas-segundo-parlamento-del-opinna","status":"publish","type":"post","link":"https:\/\/www.buroperiodistico.com.mx\/?p=210401","title":{"rendered":"Realiza SIPINNA Tamaulipas Segundo Parlamento del OPINNA"},"content":{"rendered":"<p><em><strong><img loading=\"lazy\" decoding=\"async\" class=\" wp-image-210404 alignright\" src=\"https:\/\/www.buroperiodistico.com.mx\/wp-content\/uploads\/2026\/04\/NNAOPINNA.jpeg\" alt=\"\" width=\"459\" height=\"253\" srcset=\"https:\/\/www.buroperiodistico.com.mx\/wp-content\/uploads\/2026\/04\/NNAOPINNA.jpeg 1024w, https:\/\/www.buroperiodistico.com.mx\/wp-content\/uploads\/2026\/04\/NNAOPINNA-300x165.jpeg 300w, https:\/\/www.buroperiodistico.com.mx\/wp-content\/uploads\/2026\/04\/NNAOPINNA-768x423.jpeg 768w\" sizes=\"auto, (max-width: 459px) 100vw, 459px\" \/>Ciudad Victoria, Tamaulipas (27-Abril-2026).-<\/strong><\/em> El Gobierno del Estado de Tamaulipas, a trav\u00e9s del Sistema de Protecci\u00f3n Integral de los Derechos de Ni\u00f1as, Ni\u00f1os y Adolescentes (SIPINNA), llev\u00f3 a cabo el Segundo Parlamento del Observatorio Participativo e Inclusivo de Ni\u00f1as, Ni\u00f1os y Adolescentes (OPINNA), como un ejercicio de participaci\u00f3n democr\u00e1tica orientado a la promoci\u00f3n y defensa de los derechos de la infancia y adolescencia.<\/p>\n<p>Esta actividad forma parte de las acciones impulsadas por el gobernador Am\u00e9rico Villarreal Anaya para fortalecer la igualdad, la inclusi\u00f3n y la participaci\u00f3n ciudadana desde la ni\u00f1ez, bajo un enfoque humanista y de respeto a los derechos humanos.<\/p>\n<p>El Parlamento se realiz\u00f3 en coordinaci\u00f3n con el Colegio de Tamaulipas, el Congreso del Estado y la organizaci\u00f3n civil World Vision M\u00e9xico, consolidando un esfuerzo interinstitucional para generar espacios de expresi\u00f3n, di\u00e1logo y participaci\u00f3n activa de ni\u00f1as, ni\u00f1os y adolescentes.<\/p>\n<p>Durante la jornada, las y los integrantes del OPINNA presentaron ante el Congreso del Estado una iniciativa con proyecto de decreto, mediante la cual proponen reformas a la Ley para la Atenci\u00f3n, Protecci\u00f3n e Inclusi\u00f3n de las Personas con la Condici\u00f3n del Espectro Autista, con el objetivo de fortalecer la atenci\u00f3n integral y contribuir a la prevenci\u00f3n de trastornos del neurodesarrollo en la entidad.<\/p>\n<p>El evento fue presidido por Jorge Luis Beas G\u00e1mez, en representaci\u00f3n del secretario general de Gobierno, H\u00e9ctor Joel Villegas Gonz\u00e1lez, acompa\u00f1ado por Ivette Salazar M\u00e1rquez; el diputado Humberto Prieto Herrera; el diputado Sergio Ojeda Castillo; la magistrada Tania Gisela Contreras L\u00f3pez; y el representante de World Vision M\u00e9xico, Juan Pablo Mart\u00ednez Camar\u00f3n.<\/p>\n<p>En su intervenci\u00f3n, Beas G\u00e1mez destac\u00f3 que este Parlamento refleja el trabajo conjunto entre sociedad y gobierno para construir un Tamaulipas m\u00e1s justo, incluyente y con mayor bienestar para la ni\u00f1ez.<\/p>\n<p>Asimismo, subray\u00f3 que la protecci\u00f3n de los derechos de ni\u00f1as, ni\u00f1os y adolescentes es una prioridad estatal, impulsada mediante pol\u00edticas p\u00fablicas transversales orientadas a su desarrollo integral.<\/p>\n<p>Por su parte, Ivette Salazar M\u00e1rquez resalt\u00f3 la importancia de fomentar la formaci\u00f3n ciudadana desde la infancia, promoviendo el conocimiento de sus derechos y su participaci\u00f3n activa en la vida p\u00fablica.<\/p>\n<p>Destac\u00f3 que el OPINNA constituye un espacio clave para el impulso de liderazgos infantiles y adolescentes, as\u00ed como para la generaci\u00f3n de propuestas que incidan en pol\u00edticas p\u00fablicas en beneficio de sus comunidades.<\/p>\n<p>Finalmente, se reconoci\u00f3 la participaci\u00f3n de las instituciones y organismos involucrados, reafirmando el compromiso del Gobierno del Estado y del Poder Legislativo para continuar fortaleciendo la protecci\u00f3n y el bienestar de la ni\u00f1ez y adolescencia tamaulipeca.<\/p>\n<p>Este Segundo Parlamento reafirma el compromiso de garantizar la participaci\u00f3n de ni\u00f1as, ni\u00f1os y adolescentes en la vida democr\u00e1tica, contribuyendo al fortalecimiento de pol\u00edticas p\u00fablicas y al ejercicio pleno de sus derechos humanos, conforme a los principios de participaci\u00f3n, protecci\u00f3n y provisi\u00f3n establecidos en la Convenci\u00f3n sobre los Derechos de la Ni\u00f1ez.<\/p>\n<p><img loading=\"lazy\" decoding=\"async\" class=\"aligncenter size-full wp-image-210402\" src=\"https:\/\/www.buroperiodistico.com.mx\/wp-content\/uploads\/2026\/04\/NNAOPINNA-I.jpeg\" alt=\"\" width=\"640\" height=\"426\" srcset=\"https:\/\/www.buroperiodistico.com.mx\/wp-content\/uploads\/2026\/04\/NNAOPINNA-I.jpeg 640w, https:\/\/www.buroperiodistico.com.mx\/wp-content\/uploads\/2026\/04\/NNAOPINNA-I-300x200.jpeg 300w\" sizes=\"auto, (max-width: 640px) 100vw, 640px\" \/> <img loading=\"lazy\" decoding=\"async\" class=\"aligncenter size-full wp-image-210403\" src=\"https:\/\/www.buroperiodistico.com.mx\/wp-content\/uploads\/2026\/04\/NNAOPINNA-II.jpeg\" alt=\"\" width=\"640\" height=\"426\" srcset=\"https:\/\/www.buroperiodistico.com.mx\/wp-content\/uploads\/2026\/04\/NNAOPINNA-II.jpeg 640w, https:\/\/www.buroperiodistico.com.mx\/wp-content\/uploads\/2026\/04\/NNAOPINNA-II-300x200.jpeg 300w\" sizes=\"auto, (max-width: 640px) 100vw, 640px\" \/><\/p>\n","protected":false},"excerpt":{"rendered":"<p>Ciudad Victoria, Tamaulipas (27-Abril-2026).- El Gobierno del Estado de Tamaulipas, a trav\u00e9s del Sistema de&#8230;<\/p>\n","protected":false},"author":1,"featured_media":210404,"comment_status":"closed","ping_status":"closed","sticky":false,"template":"","format":"standard","meta":{"footnotes":"","jetpack_publicize_message":"","jetpack_publicize_feature_enabled":true,"jetpack_social_post_already_shared":true,"jetpack_social_options":{"image_generator_settings":{"template":"highway","default_image_id":0,"font":"","enabled":false},"version":2}},"categories":[10],"tags":[],"class_list":["post-210401","post","type-post","status-publish","format-standard","has-post-thumbnail","hentry","category-tamaulipas"],"jetpack_publicize_connections":[],"_links":{"self":[{"href":"https:\/\/www.buroperiodistico.com.mx\/index.php?rest_route=\/wp\/v2\/posts\/210401","targetHints":{"allow":["GET"]}}],"collection":[{"href":"https:\/\/www.buroperiodistico.com.mx\/index.php?rest_route=\/wp\/v2\/posts"}],"about":[{"href":"https:\/\/www.buroperiodistico.com.mx\/index.php?rest_route=\/wp\/v2\/types\/post"}],"author":[{"embeddable":true,"href":"https:\/\/www.buroperiodistico.com.mx\/index.php?rest_route=\/wp\/v2\/users\/1"}],"replies":[{"embeddable":true,"href":"https:\/\/www.buroperiodistico.com.mx\/index.php?rest_route=%2Fwp%2Fv2%2Fcomments&post=210401"}],"version-history":[{"count":1,"href":"https:\/\/www.buroperiodistico.com.mx\/index.php?rest_route=\/wp\/v2\/posts\/210401\/revisions"}],"predecessor-version":[{"id":210405,"href":"https:\/\/www.buroperiodistico.com.mx\/index.php?rest_route=\/wp\/v2\/posts\/210401\/revisions\/210405"}],"wp:featuredmedia":[{"embeddable":true,"href":"https:\/\/www.buroperiodistico.com.mx\/index.php?rest_route=\/wp\/v2\/media\/210404"}],"wp:attachment":[{"href":"https:\/\/www.buroperiodistico.com.mx\/index.php?rest_route=%2Fwp%2Fv2%2Fmedia&parent=210401"}],"wp:term":[{"taxonomy":"category","embeddable":true,"href":"https:\/\/www.buroperiodistico.com.mx\/index.php?rest_route=%2Fwp%2Fv2%2Fcategories&post=210401"},{"taxonomy":"post_tag","embeddable":true,"href":"https:\/\/www.buroperiodistico.com.mx\/index.php?rest_route=%2Fwp%2Fv2%2Ftags&post=210401"}],"curies":[{"name":"wp","href":"https:\/\/api.w.org\/{rel}","templated":true}]}}