{"id":210384,"date":"2026-04-27T19:41:22","date_gmt":"2026-04-28T00:41:22","guid":{"rendered":"https:\/\/www.buroperiodistico.com.mx\/?p=210384"},"modified":"2026-04-27T19:41:22","modified_gmt":"2026-04-28T00:41:22","slug":"inicia-jornada-nacional-de-vacunacion-en-nuevo-laredo-con-trabajo-coordinado-entre-tres-niveles-de-gobierno","status":"publish","type":"post","link":"https:\/\/www.buroperiodistico.com.mx\/?p=210384","title":{"rendered":"INICIA JORNADA NACIONAL DE VACUNACI\u00d3N EN NUEVO LAREDO CON TRABAJO COORDINADO ENTRE TRES NIVELES DE GOBIERNO"},"content":{"rendered":"<p><em><strong><img loading=\"lazy\" decoding=\"async\" class=\" wp-image-210385 alignright\" src=\"https:\/\/www.buroperiodistico.com.mx\/wp-content\/uploads\/2026\/04\/Trax.jpg\" alt=\"\" width=\"514\" height=\"278\" srcset=\"https:\/\/www.buroperiodistico.com.mx\/wp-content\/uploads\/2026\/04\/Trax.jpg 1110w, https:\/\/www.buroperiodistico.com.mx\/wp-content\/uploads\/2026\/04\/Trax-300x162.jpg 300w, https:\/\/www.buroperiodistico.com.mx\/wp-content\/uploads\/2026\/04\/Trax-1024x554.jpg 1024w, https:\/\/www.buroperiodistico.com.mx\/wp-content\/uploads\/2026\/04\/Trax-768x415.jpg 768w\" sizes=\"auto, (max-width: 514px) 100vw, 514px\" \/>Nuevo Laredo, Tam (27-Abril-2026).-<\/strong><\/em> En las instalaciones del Sistema DIF inici\u00f3 la Jornada Nacional de Vacunaci\u00f3n en Nuevo Laredo, con el objetivo de fortalecer la salud de la poblaci\u00f3n mediante la aplicaci\u00f3n de biol\u00f3gicos para todas las edades, incluyendo ni\u00f1as, ni\u00f1os, adultos, mujeres embarazadas y personas adultas mayores. Asimismo, se instalar\u00e1n m\u00f3dulos especiales en espacios p\u00fablicos para facilitar el acceso a estos servicios.<\/p>\n<p>En el arranque de la jornada, participaron la presidenta del Sistema DIF, Claudette Canturosas Villarreal; la doctora Liliana Arjona Barocio, secretaria de Bienestar Social del Gobierno Municipal; la doctora Mirna Hern\u00e1ndez Casillas, coordinadora regional de IMSS-BIENESTAR y la doctora Irma Gladis Cano Ram\u00edrez, jefa del Distrito de Salud para el Bienestar No. 5 quien destac\u00f3 la importancia de esta campa\u00f1a.<\/p>\n<p>\u201cEstaremos aplicando una nueva vacuna contra el virus sincitial respiratorio a mujeres embarazadas, con el objetivo de proteger tanto a la madre como a su beb\u00e9. Asimismo, buscamos recuperar y completar los esquemas de vacunaci\u00f3n en ni\u00f1as y ni\u00f1os, adolescentes y personas adultas mayores. Bajo el lema \u2018Vacunar es amar\u2019, invitamos a la poblaci\u00f3n a participar\u201d, se\u00f1al\u00f3 la doctora Irma Gladis Cano Ram\u00edrez, jefa del Distrito de Salud para el Bienestar No. 5.<\/p>\n<p>El director general del Sistema DIF, Viviano V\u00e1zquez, destac\u00f3 la importancia de aprovechar esta jornada, en la que se aplican vacunas como hepatitis A y B, t\u00e9tanos, difteria, neumococo y virus del papiloma humano, entre otras.<\/p>\n<p>\u201cEs importante que la ciudadan\u00eda aproveche esta Semana Nacional de Vacunaci\u00f3n para completar sus esquemas; aprendimos en la pandemia que, si estamos inmunizados, como comunidad podemos salir adelante ante cualquier contingencia\u201d, se\u00f1al\u00f3 el funcionario.<\/p>\n<p>Las autoridades informaron que no es necesario realizar cita previa para recibir las vacunas; sin embargo, se recomienda acudir con la cartilla de vacunaci\u00f3n para llevar un mejor control de las dosis aplicadas.<\/p>\n<p>Adem\u00e1s, como parte de las acciones para acercar estos servicios a la poblaci\u00f3n, se instalar\u00e1 un m\u00f3dulo de vacunaci\u00f3n durante el Festival del D\u00eda del Ni\u00f1o en el Parque Viveros, donde las familias podr\u00e1n disfrutar de actividades recreativas y, al mismo tiempo, acceder a servicios de salud en un horario de 4:00 de la tarde a las 9:00 de la noche.<\/p>\n<p>Con estas acciones, el Gobierno Municipal y el Sistema DIF reafirman su compromiso con la salud p\u00fablica, promoviendo la prevenci\u00f3n como una herramienta fundamental para el bienestar de las familias neolaredenses.<\/p>\n","protected":false},"excerpt":{"rendered":"<p>Nuevo Laredo, Tam (27-Abril-2026).- En las instalaciones del Sistema DIF inici\u00f3 la Jornada Nacional de&#8230;<\/p>\n","protected":false},"author":1,"featured_media":210385,"comment_status":"closed","ping_status":"closed","sticky":false,"template":"","format":"standard","meta":{"footnotes":"","jetpack_publicize_message":"","jetpack_publicize_feature_enabled":true,"jetpack_social_post_already_shared":true,"jetpack_social_options":{"image_generator_settings":{"template":"highway","default_image_id":0,"font":"","enabled":false},"version":2}},"categories":[16],"tags":[],"class_list":["post-210384","post","type-post","status-publish","format-standard","has-post-thumbnail","hentry","category-nuevolaredo"],"jetpack_publicize_connections":[],"_links":{"self":[{"href":"https:\/\/www.buroperiodistico.com.mx\/index.php?rest_route=\/wp\/v2\/posts\/210384","targetHints":{"allow":["GET"]}}],"collection":[{"href":"https:\/\/www.buroperiodistico.com.mx\/index.php?rest_route=\/wp\/v2\/posts"}],"about":[{"href":"https:\/\/www.buroperiodistico.com.mx\/index.php?rest_route=\/wp\/v2\/types\/post"}],"author":[{"embeddable":true,"href":"https:\/\/www.buroperiodistico.com.mx\/index.php?rest_route=\/wp\/v2\/users\/1"}],"replies":[{"embeddable":true,"href":"https:\/\/www.buroperiodistico.com.mx\/index.php?rest_route=%2Fwp%2Fv2%2Fcomments&post=210384"}],"version-history":[{"count":1,"href":"https:\/\/www.buroperiodistico.com.mx\/index.php?rest_route=\/wp\/v2\/posts\/210384\/revisions"}],"predecessor-version":[{"id":210386,"href":"https:\/\/www.buroperiodistico.com.mx\/index.php?rest_route=\/wp\/v2\/posts\/210384\/revisions\/210386"}],"wp:featuredmedia":[{"embeddable":true,"href":"https:\/\/www.buroperiodistico.com.mx\/index.php?rest_route=\/wp\/v2\/media\/210385"}],"wp:attachment":[{"href":"https:\/\/www.buroperiodistico.com.mx\/index.php?rest_route=%2Fwp%2Fv2%2Fmedia&parent=210384"}],"wp:term":[{"taxonomy":"category","embeddable":true,"href":"https:\/\/www.buroperiodistico.com.mx\/index.php?rest_route=%2Fwp%2Fv2%2Fcategories&post=210384"},{"taxonomy":"post_tag","embeddable":true,"href":"https:\/\/www.buroperiodistico.com.mx\/index.php?rest_route=%2Fwp%2Fv2%2Ftags&post=210384"}],"curies":[{"name":"wp","href":"https:\/\/api.w.org\/{rel}","templated":true}]}}