{"id":210376,"date":"2026-04-27T19:34:27","date_gmt":"2026-04-28T00:34:27","guid":{"rendered":"https:\/\/www.buroperiodistico.com.mx\/?p=210376"},"modified":"2026-04-27T19:34:27","modified_gmt":"2026-04-28T00:34:27","slug":"avanza-colocacion-laboral-en-tamaulipas-con-mas-de-2-mil-700-empleos-vinculados-en-lo-que-va-del-ano","status":"publish","type":"post","link":"https:\/\/www.buroperiodistico.com.mx\/?p=210376","title":{"rendered":"Avanza colocaci\u00f3n laboral en Tamaulipas con m\u00e1s de 2 mil 700 empleos vinculados en lo que va del a\u00f1o"},"content":{"rendered":"<p><em><strong><img loading=\"lazy\" decoding=\"async\" class=\" wp-image-210377 alignright\" src=\"https:\/\/www.buroperiodistico.com.mx\/wp-content\/uploads\/2026\/04\/STRano.jpeg\" alt=\"\" width=\"498\" height=\"299\" srcset=\"https:\/\/www.buroperiodistico.com.mx\/wp-content\/uploads\/2026\/04\/STRano.jpeg 1024w, https:\/\/www.buroperiodistico.com.mx\/wp-content\/uploads\/2026\/04\/STRano-300x180.jpeg 300w, https:\/\/www.buroperiodistico.com.mx\/wp-content\/uploads\/2026\/04\/STRano-768x461.jpeg 768w\" sizes=\"auto, (max-width: 498px) 100vw, 498px\" \/>Ciudad Victoria, Tamaulipas (27-Abril-2026).-<\/strong><\/em> La Secretar\u00eda del Trabajo y Previsi\u00f3n Social inform\u00f3 que, en lo que va del a\u00f1o, se ha brindado atenci\u00f3n a m\u00e1s de 16 mil personas a trav\u00e9s del Servicio Nacional de Empleo (SNE), logrando la colocaci\u00f3n de 2 mil 774 buscadores de trabajo, con un desempe\u00f1o destacado en la zona sur del estado, particularmente en Tampico, Ciudad Madero y Altamira.<\/p>\n<p>El titular de la dependencia, Luis Gerardo Illoldi Reyes, detall\u00f3 que cerca del 60 por ciento de las colocaciones laborales se concentran en la regi\u00f3n conurbada sur, mientras que el 40 por ciento corresponde a otras regiones, lo que refleja una din\u00e1mica econ\u00f3mica constante impulsada por la industria instalada en esa zona.<\/p>\n<p>Subray\u00f3 que estos resultados evidencian el fortalecimiento del mercado laboral en polos de desarrollo espec\u00edficos, en contraste con escenarios m\u00e1s complejos que se presentan en otras regiones del estado.<\/p>\n<p>Explic\u00f3 que, si bien Tamaulipas cuenta con una econom\u00eda diversa que impide mantener un comportamiento homog\u00e9neo en todas sus regiones, existen zonas estrat\u00e9gicas que han dinamizado la generaci\u00f3n de empleo, siendo la regi\u00f3n sur uno de los principales motores.<\/p>\n<p>En contraparte, se\u00f1al\u00f3 que se implementan acciones para revertir la p\u00e9rdida de empleos registrada en la frontera, particularmente en el municipio de Matamoros.<\/p>\n<p>En materia de movilidad laboral internacional, indic\u00f3 que se mantiene el impulso a programas de empleo en el extranjero, principalmente hacia Canad\u00e1 y Estados Unidos; no obstante, se prev\u00e9 un incremento en el env\u00edo de trabajadores durante los pr\u00f3ximos meses, conforme a la estacionalidad de estos programas.<\/p>\n<p>Finalmente, el secretario del Trabajo y Previsi\u00f3n Social reiter\u00f3 su compromiso de fortalecer las estrategias de vinculaci\u00f3n laboral, con el objetivo de generar m\u00e1s oportunidades y facilitar la incorporaci\u00f3n de la poblaci\u00f3n al mercado de trabajo, en concordancia con la pol\u00edtica de transformaci\u00f3n y humanismo impulsada por el Gobierno del Estado.<\/p>\n","protected":false},"excerpt":{"rendered":"<p>Ciudad Victoria, Tamaulipas (27-Abril-2026).- La Secretar\u00eda del Trabajo y Previsi\u00f3n Social inform\u00f3 que, en lo&#8230;<\/p>\n","protected":false},"author":1,"featured_media":210377,"comment_status":"closed","ping_status":"closed","sticky":false,"template":"","format":"standard","meta":{"footnotes":"","jetpack_publicize_message":"","jetpack_publicize_feature_enabled":true,"jetpack_social_post_already_shared":true,"jetpack_social_options":{"image_generator_settings":{"template":"highway","default_image_id":0,"font":"","enabled":false},"version":2}},"categories":[10],"tags":[],"class_list":["post-210376","post","type-post","status-publish","format-standard","has-post-thumbnail","hentry","category-tamaulipas"],"jetpack_publicize_connections":[],"_links":{"self":[{"href":"https:\/\/www.buroperiodistico.com.mx\/index.php?rest_route=\/wp\/v2\/posts\/210376","targetHints":{"allow":["GET"]}}],"collection":[{"href":"https:\/\/www.buroperiodistico.com.mx\/index.php?rest_route=\/wp\/v2\/posts"}],"about":[{"href":"https:\/\/www.buroperiodistico.com.mx\/index.php?rest_route=\/wp\/v2\/types\/post"}],"author":[{"embeddable":true,"href":"https:\/\/www.buroperiodistico.com.mx\/index.php?rest_route=\/wp\/v2\/users\/1"}],"replies":[{"embeddable":true,"href":"https:\/\/www.buroperiodistico.com.mx\/index.php?rest_route=%2Fwp%2Fv2%2Fcomments&post=210376"}],"version-history":[{"count":1,"href":"https:\/\/www.buroperiodistico.com.mx\/index.php?rest_route=\/wp\/v2\/posts\/210376\/revisions"}],"predecessor-version":[{"id":210378,"href":"https:\/\/www.buroperiodistico.com.mx\/index.php?rest_route=\/wp\/v2\/posts\/210376\/revisions\/210378"}],"wp:featuredmedia":[{"embeddable":true,"href":"https:\/\/www.buroperiodistico.com.mx\/index.php?rest_route=\/wp\/v2\/media\/210377"}],"wp:attachment":[{"href":"https:\/\/www.buroperiodistico.com.mx\/index.php?rest_route=%2Fwp%2Fv2%2Fmedia&parent=210376"}],"wp:term":[{"taxonomy":"category","embeddable":true,"href":"https:\/\/www.buroperiodistico.com.mx\/index.php?rest_route=%2Fwp%2Fv2%2Fcategories&post=210376"},{"taxonomy":"post_tag","embeddable":true,"href":"https:\/\/www.buroperiodistico.com.mx\/index.php?rest_route=%2Fwp%2Fv2%2Ftags&post=210376"}],"curies":[{"name":"wp","href":"https:\/\/api.w.org\/{rel}","templated":true}]}}