{"id":210372,"date":"2026-04-27T19:29:41","date_gmt":"2026-04-28T00:29:41","guid":{"rendered":"https:\/\/www.buroperiodistico.com.mx\/?p=210372"},"modified":"2026-04-27T19:29:41","modified_gmt":"2026-04-28T00:29:41","slug":"avanza-congreso-en-proceso-para-designar-a-la-persona-titular-del-organo-interno-de-control-de-la-fiscalia","status":"publish","type":"post","link":"https:\/\/www.buroperiodistico.com.mx\/?p=210372","title":{"rendered":"Avanza Congreso en proceso para designar a la persona Titular del \u00d3rgano Interno de Control de la Fiscal\u00eda"},"content":{"rendered":"<p><em><strong><img loading=\"lazy\" decoding=\"async\" class=\" wp-image-210374 alignright\" src=\"https:\/\/www.buroperiodistico.com.mx\/wp-content\/uploads\/2026\/04\/Dipux-1.jpeg\" alt=\"\" width=\"559\" height=\"316\" srcset=\"https:\/\/www.buroperiodistico.com.mx\/wp-content\/uploads\/2026\/04\/Dipux-1.jpeg 1024w, https:\/\/www.buroperiodistico.com.mx\/wp-content\/uploads\/2026\/04\/Dipux-1-300x170.jpeg 300w, https:\/\/www.buroperiodistico.com.mx\/wp-content\/uploads\/2026\/04\/Dipux-1-768x434.jpeg 768w\" sizes=\"auto, (max-width: 559px) 100vw, 559px\" \/>Cd. Victoria, Tam (27-Abril-2026).-<\/strong><\/em> A trav\u00e9s de las comisiones de Anticorrupci\u00f3n, de\u00a0 Transparencia y Acceso a la Informaci\u00f3n P\u00fablica, y Vigilancia de la Auditor\u00eda Superior del Estado, el Poder Legislativo dio continuidad al proceso de selecci\u00f3n para la designaci\u00f3n de la persona Titular del \u00d3rgano Interno de Control de la Fiscal\u00eda General de Justicia del Estado.<\/p>\n<p>Luego del an\u00e1lisis de los expedientes, las y los diputados dictaminaron procedente la participaci\u00f3n de las y los aspirantes, al acreditar lo establecido en el art\u00edculo 57 de la Ley Org\u00e1nica de la Fiscal\u00eda General de Justicia del Estado, as\u00ed como las bases previstas en la convocatoria emitida por la Junta de Gobierno del Congreso local.<\/p>\n<p>Como parte de esta siguiente fase, las entrevistas se llevar\u00e1n a cabo el martes 5 de mayo en la Sala de Comisiones \u201cRevoluci\u00f3n\u201d, conforme al siguiente calendario:<\/p>\n<ul>\n<li>Rub\u00e9n Azamar P\u00e9rez, 12:00 horas<\/li>\n<li>Gladys Teresa Torres Castillo, 12:40 horas<\/li>\n<li>Guadalupe Hern\u00e1ndez Tinajero, 13:20 horas<\/li>\n<li>Evaristo Alejandro Vera Higuera, 14:00 horas<\/li>\n<li>Francisco Javier Ruiz Reta, 14:40 horas<\/li>\n<li>Juan Armando Barr\u00f3n P\u00e9rez, 15:20 horas<\/li>\n<li>Javier Hern\u00e1ndez P\u00e9rez, 16:00 horas<\/li>\n<li>Alberto Guadalupe C\u00f3rdova Lerma, 16:40 horas<\/li>\n<\/ul>\n<p>Concluidas las entrevistas, las comisiones unidas emitir\u00e1n el dictamen con la lista de personas candidatas aptas para ser sometidas a votaci\u00f3n del Pleno Legislativo, instancia que realizar\u00e1 la designaci\u00f3n mediante el voto de las dos terceras partes de las y los diputados presentes, conforme al marco constitucional y legal aplicable.<\/p>\n<p><img loading=\"lazy\" decoding=\"async\" class=\"aligncenter size-full wp-image-210373\" src=\"https:\/\/www.buroperiodistico.com.mx\/wp-content\/uploads\/2026\/04\/Dipux-I-1.jpeg\" alt=\"\" width=\"640\" height=\"426\" srcset=\"https:\/\/www.buroperiodistico.com.mx\/wp-content\/uploads\/2026\/04\/Dipux-I-1.jpeg 640w, https:\/\/www.buroperiodistico.com.mx\/wp-content\/uploads\/2026\/04\/Dipux-I-1-300x200.jpeg 300w\" sizes=\"auto, (max-width: 640px) 100vw, 640px\" \/><\/p>\n","protected":false},"excerpt":{"rendered":"<p>Cd. Victoria, Tam (27-Abril-2026).- A trav\u00e9s de las comisiones de Anticorrupci\u00f3n, de\u00a0 Transparencia y Acceso&#8230;<\/p>\n","protected":false},"author":1,"featured_media":210374,"comment_status":"closed","ping_status":"closed","sticky":false,"template":"","format":"standard","meta":{"footnotes":"","jetpack_publicize_message":"","jetpack_publicize_feature_enabled":true,"jetpack_social_post_already_shared":true,"jetpack_social_options":{"image_generator_settings":{"template":"highway","default_image_id":0,"font":"","enabled":false},"version":2}},"categories":[17],"tags":[],"class_list":["post-210372","post","type-post","status-publish","format-standard","has-post-thumbnail","hentry","category-ciudadvictoria"],"jetpack_publicize_connections":[],"_links":{"self":[{"href":"https:\/\/www.buroperiodistico.com.mx\/index.php?rest_route=\/wp\/v2\/posts\/210372","targetHints":{"allow":["GET"]}}],"collection":[{"href":"https:\/\/www.buroperiodistico.com.mx\/index.php?rest_route=\/wp\/v2\/posts"}],"about":[{"href":"https:\/\/www.buroperiodistico.com.mx\/index.php?rest_route=\/wp\/v2\/types\/post"}],"author":[{"embeddable":true,"href":"https:\/\/www.buroperiodistico.com.mx\/index.php?rest_route=\/wp\/v2\/users\/1"}],"replies":[{"embeddable":true,"href":"https:\/\/www.buroperiodistico.com.mx\/index.php?rest_route=%2Fwp%2Fv2%2Fcomments&post=210372"}],"version-history":[{"count":1,"href":"https:\/\/www.buroperiodistico.com.mx\/index.php?rest_route=\/wp\/v2\/posts\/210372\/revisions"}],"predecessor-version":[{"id":210375,"href":"https:\/\/www.buroperiodistico.com.mx\/index.php?rest_route=\/wp\/v2\/posts\/210372\/revisions\/210375"}],"wp:featuredmedia":[{"embeddable":true,"href":"https:\/\/www.buroperiodistico.com.mx\/index.php?rest_route=\/wp\/v2\/media\/210374"}],"wp:attachment":[{"href":"https:\/\/www.buroperiodistico.com.mx\/index.php?rest_route=%2Fwp%2Fv2%2Fmedia&parent=210372"}],"wp:term":[{"taxonomy":"category","embeddable":true,"href":"https:\/\/www.buroperiodistico.com.mx\/index.php?rest_route=%2Fwp%2Fv2%2Fcategories&post=210372"},{"taxonomy":"post_tag","embeddable":true,"href":"https:\/\/www.buroperiodistico.com.mx\/index.php?rest_route=%2Fwp%2Fv2%2Ftags&post=210372"}],"curies":[{"name":"wp","href":"https:\/\/api.w.org\/{rel}","templated":true}]}}