{"id":210368,"date":"2026-04-27T19:23:42","date_gmt":"2026-04-28T00:23:42","guid":{"rendered":"https:\/\/www.buroperiodistico.com.mx\/?p=210368"},"modified":"2026-04-27T19:23:42","modified_gmt":"2026-04-28T00:23:42","slug":"realizara-comapa-maniobras-de-interconexion-de-linea-del-sector-rancho-grande","status":"publish","type":"post","link":"https:\/\/www.buroperiodistico.com.mx\/?p=210368","title":{"rendered":"Realizar\u00e1 COMAPA maniobras de interconexi\u00f3n de l\u00ednea del Sector Rancho Grande"},"content":{"rendered":"<p><em><strong>Reynosa, Tam (27-Abril-2026).-<\/strong><\/em> La Comisi\u00f3n Municipal de Agua Potable y Alcantarillado de Reynosa informa que se llevar\u00e1n a cabo maniobras de interconexi\u00f3n de infraestructura hidr\u00e1ulica en las instalaciones de la planta del sector Rancho Grande, como parte de las acciones para optimizar el sistema de abastecimiento.<\/p>\n<p>Derivado de estos trabajos, el suministro de agua potable ser\u00e1 suspendido este martes 28 de abril, a partir de las 8:00 de la ma\u00f1ana, con una duraci\u00f3n aproximada de 56 horas, en el sector antes mencionado.<\/p>\n<p>Se recomienda a los usuarios abastecerse con anticipaci\u00f3n del vital l\u00edquido, a fin de cubrir sus necesidades durante el tiempo que permanezca interrumpido el servicio.<\/p>\n<p>Estas maniobras son fundamentales para fortalecer el sistema de agua potable y brindar un servicio m\u00e1s eficiente y de mayor calidad a las familias de la zona.<\/p>\n<p>Listado de colonias del sector Rancho Grande: https:\/\/www.comapareynosa.gob.mx\/movil\/sectorizacion\/?id=1<\/p>\n<p><img loading=\"lazy\" decoding=\"async\" class=\"aligncenter  wp-image-210369\" src=\"https:\/\/www.buroperiodistico.com.mx\/wp-content\/uploads\/2026\/04\/COmpx-12.jpg\" alt=\"\" width=\"953\" height=\"515\" srcset=\"https:\/\/www.buroperiodistico.com.mx\/wp-content\/uploads\/2026\/04\/COmpx-12.jpg 1110w, https:\/\/www.buroperiodistico.com.mx\/wp-content\/uploads\/2026\/04\/COmpx-12-300x162.jpg 300w, https:\/\/www.buroperiodistico.com.mx\/wp-content\/uploads\/2026\/04\/COmpx-12-1024x554.jpg 1024w, https:\/\/www.buroperiodistico.com.mx\/wp-content\/uploads\/2026\/04\/COmpx-12-768x415.jpg 768w\" sizes=\"auto, (max-width: 953px) 100vw, 953px\" \/><\/p>\n","protected":false},"excerpt":{"rendered":"<p>Reynosa, Tam (27-Abril-2026).- La Comisi\u00f3n Municipal de Agua Potable y Alcantarillado de Reynosa informa que&#8230;<\/p>\n","protected":false},"author":1,"featured_media":210369,"comment_status":"closed","ping_status":"closed","sticky":false,"template":"","format":"standard","meta":{"footnotes":"","jetpack_publicize_message":"","jetpack_publicize_feature_enabled":true,"jetpack_social_post_already_shared":true,"jetpack_social_options":{"image_generator_settings":{"template":"highway","default_image_id":0,"font":"","enabled":false},"version":2}},"categories":[9],"tags":[],"class_list":["post-210368","post","type-post","status-publish","format-standard","has-post-thumbnail","hentry","category-reynosa"],"jetpack_publicize_connections":[],"_links":{"self":[{"href":"https:\/\/www.buroperiodistico.com.mx\/index.php?rest_route=\/wp\/v2\/posts\/210368","targetHints":{"allow":["GET"]}}],"collection":[{"href":"https:\/\/www.buroperiodistico.com.mx\/index.php?rest_route=\/wp\/v2\/posts"}],"about":[{"href":"https:\/\/www.buroperiodistico.com.mx\/index.php?rest_route=\/wp\/v2\/types\/post"}],"author":[{"embeddable":true,"href":"https:\/\/www.buroperiodistico.com.mx\/index.php?rest_route=\/wp\/v2\/users\/1"}],"replies":[{"embeddable":true,"href":"https:\/\/www.buroperiodistico.com.mx\/index.php?rest_route=%2Fwp%2Fv2%2Fcomments&post=210368"}],"version-history":[{"count":1,"href":"https:\/\/www.buroperiodistico.com.mx\/index.php?rest_route=\/wp\/v2\/posts\/210368\/revisions"}],"predecessor-version":[{"id":210370,"href":"https:\/\/www.buroperiodistico.com.mx\/index.php?rest_route=\/wp\/v2\/posts\/210368\/revisions\/210370"}],"wp:featuredmedia":[{"embeddable":true,"href":"https:\/\/www.buroperiodistico.com.mx\/index.php?rest_route=\/wp\/v2\/media\/210369"}],"wp:attachment":[{"href":"https:\/\/www.buroperiodistico.com.mx\/index.php?rest_route=%2Fwp%2Fv2%2Fmedia&parent=210368"}],"wp:term":[{"taxonomy":"category","embeddable":true,"href":"https:\/\/www.buroperiodistico.com.mx\/index.php?rest_route=%2Fwp%2Fv2%2Fcategories&post=210368"},{"taxonomy":"post_tag","embeddable":true,"href":"https:\/\/www.buroperiodistico.com.mx\/index.php?rest_route=%2Fwp%2Fv2%2Ftags&post=210368"}],"curies":[{"name":"wp","href":"https:\/\/api.w.org\/{rel}","templated":true}]}}