{"id":210352,"date":"2026-04-27T18:29:25","date_gmt":"2026-04-27T23:29:25","guid":{"rendered":"https:\/\/www.buroperiodistico.com.mx\/?p=210352"},"modified":"2026-04-27T18:29:25","modified_gmt":"2026-04-27T23:29:25","slug":"fortalece-sector-salud-acciones-durante-la-semana-nacional-de-vacunacion-2026","status":"publish","type":"post","link":"https:\/\/www.buroperiodistico.com.mx\/?p=210352","title":{"rendered":"Fortalece Sector Salud acciones durante la Semana Nacional de Vacunaci\u00f3n 2026"},"content":{"rendered":"<p><em><strong><img loading=\"lazy\" decoding=\"async\" class=\" wp-image-210353 alignright\" src=\"https:\/\/www.buroperiodistico.com.mx\/wp-content\/uploads\/2026\/04\/SemanadeVacunacion.jpeg\" alt=\"\" width=\"567\" height=\"353\" srcset=\"https:\/\/www.buroperiodistico.com.mx\/wp-content\/uploads\/2026\/04\/SemanadeVacunacion.jpeg 1024w, https:\/\/www.buroperiodistico.com.mx\/wp-content\/uploads\/2026\/04\/SemanadeVacunacion-300x187.jpeg 300w, https:\/\/www.buroperiodistico.com.mx\/wp-content\/uploads\/2026\/04\/SemanadeVacunacion-768x478.jpeg 768w\" sizes=\"auto, (max-width: 567px) 100vw, 567px\" \/>Ciudad Victoria, Tamaulipas (27-Abril-2026).-<\/strong><\/em> En el marco de la Semana Nacional de Vacunaci\u00f3n, que se lleva a cabo del 25 de abril al 2 de mayo, el Sector Salud intensifica las acciones para fortalecer el Programa Universal de Vacunaci\u00f3n, con el objetivo de recuperar esquemas, incrementar coberturas y sensibilizar a la poblaci\u00f3n sobre la importancia de la vacunaci\u00f3n oportuna.<\/p>\n<p>Durante esta jornada, se tiene como meta la aplicaci\u00f3n de m\u00e1s de 48 mil dosis de vacunas en todo el estado, dirigidas a reci\u00e9n nacidos, ni\u00f1as, ni\u00f1os, mujeres embarazadas, personas adultas mayores y poblaci\u00f3n en general, conforme al esquema nacional de vacunaci\u00f3n.<\/p>\n<p>La secretaria de Salud, Adriana Marcela Hern\u00e1ndez Campos destac\u00f3 que, como parte de esta campa\u00f1a, se incorpora una nueva vacuna dirigida a mujeres embarazadas: la vacuna contra el Virus Sincitial Respiratorio (VSR), la cual protege a los reci\u00e9n nacidos contra infecciones respiratorias graves como bronquiolitis y neumon\u00eda.<\/p>\n<p>Esta vacuna, debe aplicarse entre las semanas 32 y 36 de gestaci\u00f3n, permitiendo que la madre genere anticuerpos que ser\u00e1n trasmitidos al beb\u00e9 a trav\u00e9s de la placenta, brind\u00e1ndole protecci\u00f3n durante sus primeros meses de vida, especialmente ante enfermedades que pueden derivar en hospitalizaci\u00f3n.<\/p>\n<p>Asimismo, se continuar\u00e1 con la aplicaci\u00f3n de la vacuna Tdpa (t\u00e9tanos, difteria y tos ferina), la cual sigue siendo fundamental durante el embarazo.<\/p>\n<p>El Virus Sincitial Respiratorio representa un riesgo importante para menores de un a\u00f1o y hasta los dos a\u00f1os de edad, ya que puede provocar infecciones respiratorias severas, particularmente durante la temporada invernal, por ello la incorporaci\u00f3n de este biol\u00f3gico representa un avance significativo en la protecci\u00f3n de la salud infantil desde la etapa gestacional.<\/p>\n<p>\u201cDurante la Semana Nacional de Vacunaci\u00f3n se aplican vacunas para toda la familia, por lo que invitamos a la poblaci\u00f3n a revisar su cartilla, acudir a los m\u00f3dulos de vacunaci\u00f3n y solicitar informaci\u00f3n\u201d, expres\u00f3 Hern\u00e1ndez Campos.<\/p>\n<p>Las autoridades de salud exhortan a la ciudadan\u00eda a acudir a su unidad m\u00e9dica m\u00e1s cercana, ya sea en el IMSS, ISSSTE o Centros de Salud, para completar sus esquemas y aprovechar esta jornada de vacunaci\u00f3n intensiva.<\/p>\n","protected":false},"excerpt":{"rendered":"<p>Ciudad Victoria, Tamaulipas (27-Abril-2026).- En el marco de la Semana Nacional de Vacunaci\u00f3n, que se&#8230;<\/p>\n","protected":false},"author":1,"featured_media":210353,"comment_status":"closed","ping_status":"closed","sticky":false,"template":"","format":"standard","meta":{"footnotes":"","jetpack_publicize_message":"","jetpack_publicize_feature_enabled":true,"jetpack_social_post_already_shared":true,"jetpack_social_options":{"image_generator_settings":{"template":"highway","default_image_id":0,"font":"","enabled":false},"version":2}},"categories":[10],"tags":[],"class_list":["post-210352","post","type-post","status-publish","format-standard","has-post-thumbnail","hentry","category-tamaulipas"],"jetpack_publicize_connections":[],"_links":{"self":[{"href":"https:\/\/www.buroperiodistico.com.mx\/index.php?rest_route=\/wp\/v2\/posts\/210352","targetHints":{"allow":["GET"]}}],"collection":[{"href":"https:\/\/www.buroperiodistico.com.mx\/index.php?rest_route=\/wp\/v2\/posts"}],"about":[{"href":"https:\/\/www.buroperiodistico.com.mx\/index.php?rest_route=\/wp\/v2\/types\/post"}],"author":[{"embeddable":true,"href":"https:\/\/www.buroperiodistico.com.mx\/index.php?rest_route=\/wp\/v2\/users\/1"}],"replies":[{"embeddable":true,"href":"https:\/\/www.buroperiodistico.com.mx\/index.php?rest_route=%2Fwp%2Fv2%2Fcomments&post=210352"}],"version-history":[{"count":2,"href":"https:\/\/www.buroperiodistico.com.mx\/index.php?rest_route=\/wp\/v2\/posts\/210352\/revisions"}],"predecessor-version":[{"id":210355,"href":"https:\/\/www.buroperiodistico.com.mx\/index.php?rest_route=\/wp\/v2\/posts\/210352\/revisions\/210355"}],"wp:featuredmedia":[{"embeddable":true,"href":"https:\/\/www.buroperiodistico.com.mx\/index.php?rest_route=\/wp\/v2\/media\/210353"}],"wp:attachment":[{"href":"https:\/\/www.buroperiodistico.com.mx\/index.php?rest_route=%2Fwp%2Fv2%2Fmedia&parent=210352"}],"wp:term":[{"taxonomy":"category","embeddable":true,"href":"https:\/\/www.buroperiodistico.com.mx\/index.php?rest_route=%2Fwp%2Fv2%2Fcategories&post=210352"},{"taxonomy":"post_tag","embeddable":true,"href":"https:\/\/www.buroperiodistico.com.mx\/index.php?rest_route=%2Fwp%2Fv2%2Ftags&post=210352"}],"curies":[{"name":"wp","href":"https:\/\/api.w.org\/{rel}","templated":true}]}}