{"id":210330,"date":"2026-04-27T17:17:54","date_gmt":"2026-04-27T22:17:54","guid":{"rendered":"https:\/\/www.buroperiodistico.com.mx\/?p=210330"},"modified":"2026-04-27T17:17:54","modified_gmt":"2026-04-27T22:17:54","slug":"anuncian-ultimos-dias-para-inscribirse-al-festival-internacional-en-la-costa-del-seno-mexicano-2026","status":"publish","type":"post","link":"https:\/\/www.buroperiodistico.com.mx\/?p=210330","title":{"rendered":"Anuncian \u00faltimos d\u00edas para inscribirse al Festival Internacional en la Costa del Seno Mexicano 2026"},"content":{"rendered":"<ul>\n<li><strong><em>El Instituto Tamaulipeco para la Cultura y las Artes recuerda que el pr\u00f3ximo 30 de abril es la fecha l\u00edmite para postular proyectos al festival<\/em><\/strong><\/li>\n<\/ul>\n<p><strong><img loading=\"lazy\" decoding=\"async\" class=\" wp-image-210334 alignright\" src=\"https:\/\/www.buroperiodistico.com.mx\/wp-content\/uploads\/2026\/04\/ICAMexicano.jpeg\" alt=\"\" width=\"449\" height=\"272\" srcset=\"https:\/\/www.buroperiodistico.com.mx\/wp-content\/uploads\/2026\/04\/ICAMexicano.jpeg 1024w, https:\/\/www.buroperiodistico.com.mx\/wp-content\/uploads\/2026\/04\/ICAMexicano-300x182.jpeg 300w, https:\/\/www.buroperiodistico.com.mx\/wp-content\/uploads\/2026\/04\/ICAMexicano-768x465.jpeg 768w\" sizes=\"auto, (max-width: 449px) 100vw, 449px\" \/>Ciudad Victoria, Tamaulipas (27-Abril-2026).-<\/strong> El Instituto Tamaulipeco para la Cultura y las Artes (ITCA) inform\u00f3 que se encuentra en la etapa final la convocatoria para participar en el Festival Internacional en la Costa del Seno Mexicano (FICSM) 2026, dirigida a artistas y agrupaciones tamaulipecas, as\u00ed como nacionales e internacionales.<\/p>\n<p>Tras su lanzamiento el pasado 11 de febrero, el periodo de recepci\u00f3n de proyectos concluir\u00e1 el pr\u00f3ximo 30 de abril, por lo que se exhorta a solistas, grupos, compa\u00f1\u00edas y colectivos a completar su proceso de inscripci\u00f3n en tiempo y forma, a fin de que sus propuestas puedan ser evaluadas por el Comit\u00e9 Organizador.<\/p>\n<p>El director general del ITCA, H\u00e9ctor Romero-Lecanda, destac\u00f3 la importancia de fortalecer la participaci\u00f3n art\u00edstica local, promoviendo el encuentro entre creadores y p\u00fablico en todo el estado, a trav\u00e9s de proyectos que reflejen la identidad cultural de Tamaulipas.<\/p>\n<p>Asimismo, se\u00f1al\u00f3 que, si bien la convocatoria ha tenido una respuesta favorable, es fundamental que las y los interesados concluyan su registro antes de la fecha l\u00edmite, considerando los requisitos establecidos para su correcta postulaci\u00f3n.<\/p>\n<p>Las propuestas deber\u00e1n cumplir con criterios como calidad art\u00edstica, contenido, viabilidad, presupuesto e impacto social, por lo que se recomienda presentar proyectos diversos que contribuyan al desarrollo cultural de la entidad.<\/p>\n<p>Se destac\u00f3 que las presentaciones podr\u00e1n realizarse en cualquiera de los 43 municipios del estado, en espacios convencionales como teatros y auditorios, as\u00ed como en sedes alternas, en congruencia con el car\u00e1cter incluyente del Festival y su objetivo de garantizar el acceso a los derechos culturales.<\/p>\n<p>Las personas interesadas pueden consultar la convocatoria y realizar su registro en los siguientes enlaces: Convocatoria para artistas tamaulipecos, Convocatoria FICSM 2026 Tamaulipecos, Formulario de registro, Formulario FICSM 2026, Convocatoria para artistas nacionales y extranjeros, Convocatoria FICSM 2026 Nacionales y Extranjeros.<\/p>\n<p>Cabe se\u00f1alar que, para artistas nacionales y extranjeros, la postulaci\u00f3n no contempla el llenado de formulario.<\/p>\n<p><img loading=\"lazy\" decoding=\"async\" class=\"aligncenter size-full wp-image-210331\" src=\"https:\/\/www.buroperiodistico.com.mx\/wp-content\/uploads\/2026\/04\/ICAMexicano-I.jpeg\" alt=\"\" width=\"640\" height=\"419\" srcset=\"https:\/\/www.buroperiodistico.com.mx\/wp-content\/uploads\/2026\/04\/ICAMexicano-I.jpeg 640w, https:\/\/www.buroperiodistico.com.mx\/wp-content\/uploads\/2026\/04\/ICAMexicano-I-300x196.jpeg 300w\" sizes=\"auto, (max-width: 640px) 100vw, 640px\" \/> <img loading=\"lazy\" decoding=\"async\" class=\"aligncenter size-full wp-image-210333\" src=\"https:\/\/www.buroperiodistico.com.mx\/wp-content\/uploads\/2026\/04\/ICAMexicano-III.jpeg\" alt=\"\" width=\"640\" height=\"426\" srcset=\"https:\/\/www.buroperiodistico.com.mx\/wp-content\/uploads\/2026\/04\/ICAMexicano-III.jpeg 640w, https:\/\/www.buroperiodistico.com.mx\/wp-content\/uploads\/2026\/04\/ICAMexicano-III-300x200.jpeg 300w\" sizes=\"auto, (max-width: 640px) 100vw, 640px\" \/> <img loading=\"lazy\" decoding=\"async\" class=\"aligncenter size-full wp-image-210332\" src=\"https:\/\/www.buroperiodistico.com.mx\/wp-content\/uploads\/2026\/04\/ICAMexicano-II.jpeg\" alt=\"\" width=\"640\" height=\"426\" srcset=\"https:\/\/www.buroperiodistico.com.mx\/wp-content\/uploads\/2026\/04\/ICAMexicano-II.jpeg 640w, https:\/\/www.buroperiodistico.com.mx\/wp-content\/uploads\/2026\/04\/ICAMexicano-II-300x200.jpeg 300w\" sizes=\"auto, (max-width: 640px) 100vw, 640px\" \/><\/p>\n","protected":false},"excerpt":{"rendered":"<p>El Instituto Tamaulipeco para la Cultura y las Artes recuerda que el pr\u00f3ximo 30 de&#8230;<\/p>\n","protected":false},"author":1,"featured_media":210334,"comment_status":"closed","ping_status":"closed","sticky":false,"template":"","format":"standard","meta":{"footnotes":"","jetpack_publicize_message":"","jetpack_publicize_feature_enabled":true,"jetpack_social_post_already_shared":true,"jetpack_social_options":{"image_generator_settings":{"template":"highway","default_image_id":0,"font":"","enabled":false},"version":2}},"categories":[10],"tags":[],"class_list":["post-210330","post","type-post","status-publish","format-standard","has-post-thumbnail","hentry","category-tamaulipas"],"jetpack_publicize_connections":[],"_links":{"self":[{"href":"https:\/\/www.buroperiodistico.com.mx\/index.php?rest_route=\/wp\/v2\/posts\/210330","targetHints":{"allow":["GET"]}}],"collection":[{"href":"https:\/\/www.buroperiodistico.com.mx\/index.php?rest_route=\/wp\/v2\/posts"}],"about":[{"href":"https:\/\/www.buroperiodistico.com.mx\/index.php?rest_route=\/wp\/v2\/types\/post"}],"author":[{"embeddable":true,"href":"https:\/\/www.buroperiodistico.com.mx\/index.php?rest_route=\/wp\/v2\/users\/1"}],"replies":[{"embeddable":true,"href":"https:\/\/www.buroperiodistico.com.mx\/index.php?rest_route=%2Fwp%2Fv2%2Fcomments&post=210330"}],"version-history":[{"count":1,"href":"https:\/\/www.buroperiodistico.com.mx\/index.php?rest_route=\/wp\/v2\/posts\/210330\/revisions"}],"predecessor-version":[{"id":210335,"href":"https:\/\/www.buroperiodistico.com.mx\/index.php?rest_route=\/wp\/v2\/posts\/210330\/revisions\/210335"}],"wp:featuredmedia":[{"embeddable":true,"href":"https:\/\/www.buroperiodistico.com.mx\/index.php?rest_route=\/wp\/v2\/media\/210334"}],"wp:attachment":[{"href":"https:\/\/www.buroperiodistico.com.mx\/index.php?rest_route=%2Fwp%2Fv2%2Fmedia&parent=210330"}],"wp:term":[{"taxonomy":"category","embeddable":true,"href":"https:\/\/www.buroperiodistico.com.mx\/index.php?rest_route=%2Fwp%2Fv2%2Fcategories&post=210330"},{"taxonomy":"post_tag","embeddable":true,"href":"https:\/\/www.buroperiodistico.com.mx\/index.php?rest_route=%2Fwp%2Fv2%2Ftags&post=210330"}],"curies":[{"name":"wp","href":"https:\/\/api.w.org\/{rel}","templated":true}]}}